{"id":51491,"date":"2026-09-04T11:09:27","date_gmt":"2026-09-04T14:09:27","guid":{"rendered":"http:\/\/fmdelpueblo.ar\/?p=51491"},"modified":"2026-09-04T11:09:27","modified_gmt":"2026-09-04T14:09:27","slug":"lourdes-fernandez-exploto-contra-los-que-la-critican-por-su-peso-por-que-no-se-van-a-la-mier","status":"publish","type":"post","link":"http:\/\/fmdelpueblo.ar\/?p=51491","title":{"rendered":"Lourdes Fern\u00e1ndez explot\u00f3 contra los que la critican por su peso: \u00ab\u00bfPor qu\u00e9 no se van a la mier&#8230;?\u00bb"},"content":{"rendered":"<p>La cantante estall\u00f3 luego de recibir comentarios sobre su cuerpo. Adem\u00e1s, revel\u00f3 que es consecuencia del dif\u00edcil momento de salud que atraves\u00f3.<\/p>","protected":false},"excerpt":{"rendered":"<p>La cantante estall\u00f3 luego de recibir comentarios sobre su cuerpo. Adem\u00e1s, revel\u00f3 que es consecuencia del dif\u00edcil momento de salud que atraves\u00f3.<\/p>\n","protected":false},"author":0,"featured_media":0,"comment_status":"","ping_status":"","sticky":false,"template":"","format":"standard","meta":{"footnotes":""},"categories":[1],"tags":[],"class_list":["post-51491","post","type-post","status-publish","format-standard","has-post-thumbnail","hentry","category-sin-categoria"],"_links":{"self":[{"href":"http:\/\/fmdelpueblo.ar\/index.php?rest_route=\/wp\/v2\/posts\/51491","targetHints":{"allow":["GET"]}}],"collection":[{"href":"http:\/\/fmdelpueblo.ar\/index.php?rest_route=\/wp\/v2\/posts"}],"about":[{"href":"http:\/\/fmdelpueblo.ar\/index.php?rest_route=\/wp\/v2\/types\/post"}],"replies":[{"embeddable":true,"href":"http:\/\/fmdelpueblo.ar\/index.php?rest_route=%2Fwp%2Fv2%2Fcomments&post=51491"}],"version-history":[{"count":0,"href":"http:\/\/fmdelpueblo.ar\/index.php?rest_route=\/wp\/v2\/posts\/51491\/revisions"}],"wp:attachment":[{"href":"http:\/\/fmdelpueblo.ar\/index.php?rest_route=%2Fwp%2Fv2%2Fmedia&parent=51491"}],"wp:term":[{"taxonomy":"category","embeddable":true,"href":"http:\/\/fmdelpueblo.ar\/index.php?rest_route=%2Fwp%2Fv2%2Fcategories&post=51491"},{"taxonomy":"post_tag","embeddable":true,"href":"http:\/\/fmdelpueblo.ar\/index.php?rest_route=%2Fwp%2Fv2%2Ftags&post=51491"}],"curies":[{"name":"wp","href":"https:\/\/api.w.org\/{rel}","templated":true}]}}