{"id":51483,"date":"2026-09-04T10:09:16","date_gmt":"2026-09-04T13:09:16","guid":{"rendered":"http:\/\/fmdelpueblo.ar\/?p=51483"},"modified":"2026-09-04T10:09:16","modified_gmt":"2026-09-04T13:09:16","slug":"el-secretario-de-estado-de-eeuu-viaja-a-colombia-ecuador-y-peru-la-proxima-semana","status":"publish","type":"post","link":"http:\/\/fmdelpueblo.ar\/?p=51483","title":{"rendered":"El secretario de Estado de EEUU viaja a Colombia, Ecuador y Per\u00fa la pr\u00f3xima semana"},"content":{"rendered":"<p>El diplom\u00e1tico estadounidense Marco Rubio visitar\u00e1 Colombia, Ecuador y Per\u00fa para reforzar lazos estrat\u00e9gicos y abordar el narcoterrorismo.Am\u00e9rica Latina se alinea con pol\u00edticas de seguridad estrictas y cooperaci\u00f3n militar, mientras Washington intensifica su presi\u00f3n sobre Cuba.<\/p>","protected":false},"excerpt":{"rendered":"<p>El diplom\u00e1tico estadounidense Marco Rubio visitar\u00e1 Colombia, Ecuador y Per\u00fa para reforzar lazos estrat\u00e9gicos y abordar el narcoterrorismo.Am\u00e9rica Latina se alinea con pol\u00edticas de seguridad estrictas y cooperaci\u00f3n militar, mientras Washington intensifica su presi\u00f3n sobre Cuba.<\/p>\n","protected":false},"author":0,"featured_media":0,"comment_status":"","ping_status":"","sticky":false,"template":"","format":"standard","meta":{"footnotes":""},"categories":[1],"tags":[],"class_list":["post-51483","post","type-post","status-publish","format-standard","has-post-thumbnail","hentry","category-sin-categoria"],"_links":{"self":[{"href":"http:\/\/fmdelpueblo.ar\/index.php?rest_route=\/wp\/v2\/posts\/51483","targetHints":{"allow":["GET"]}}],"collection":[{"href":"http:\/\/fmdelpueblo.ar\/index.php?rest_route=\/wp\/v2\/posts"}],"about":[{"href":"http:\/\/fmdelpueblo.ar\/index.php?rest_route=\/wp\/v2\/types\/post"}],"replies":[{"embeddable":true,"href":"http:\/\/fmdelpueblo.ar\/index.php?rest_route=%2Fwp%2Fv2%2Fcomments&post=51483"}],"version-history":[{"count":0,"href":"http:\/\/fmdelpueblo.ar\/index.php?rest_route=\/wp\/v2\/posts\/51483\/revisions"}],"wp:attachment":[{"href":"http:\/\/fmdelpueblo.ar\/index.php?rest_route=%2Fwp%2Fv2%2Fmedia&parent=51483"}],"wp:term":[{"taxonomy":"category","embeddable":true,"href":"http:\/\/fmdelpueblo.ar\/index.php?rest_route=%2Fwp%2Fv2%2Fcategories&post=51483"},{"taxonomy":"post_tag","embeddable":true,"href":"http:\/\/fmdelpueblo.ar\/index.php?rest_route=%2Fwp%2Fv2%2Ftags&post=51483"}],"curies":[{"name":"wp","href":"https:\/\/api.w.org\/{rel}","templated":true}]}}