{"id":51482,"date":"2026-09-04T10:09:15","date_gmt":"2026-09-04T13:09:15","guid":{"rendered":"http:\/\/fmdelpueblo.ar\/?p=51482"},"modified":"2026-09-04T10:09:15","modified_gmt":"2026-09-04T13:09:15","slug":"presion-a-la-justicia-la-administracion-trump-pide-a-la-corte-suprema-que-apruebe-facultades-para-frenar-la-entrega-de-votos-por-correo","status":"publish","type":"post","link":"http:\/\/fmdelpueblo.ar\/?p=51482","title":{"rendered":"Presi\u00f3n a la justicia: la administraci\u00f3n Trump pide a la Corte Suprema que apruebe facultades para frenar la entrega de votos por correo"},"content":{"rendered":"<p>El Gobierno de Donald Trump solicit\u00f3 un recurso de emergencia a la Corte Suprema para habilitar nuevas regulaciones sobre el voto por correo a menos de dos meses de las elecciones intermedias.La normativa exige a los estados cargar las listas de votantes en un portal federal y usar c\u00f3digos de barras \u00fanicos; de lo contrario, el Servicio Postal no entregar\u00e1 las papeletas a los ciudadanos.<\/p>","protected":false},"excerpt":{"rendered":"<p>El Gobierno de Donald Trump solicit\u00f3 un recurso de emergencia a la Corte Suprema para habilitar nuevas regulaciones sobre el voto por correo a menos de dos meses de las elecciones intermedias.La normativa exige a los estados cargar las listas de votantes en un portal federal y usar c\u00f3digos de barras \u00fanicos; de lo contrario, [&hellip;]<\/p>\n","protected":false},"author":0,"featured_media":0,"comment_status":"","ping_status":"","sticky":false,"template":"","format":"standard","meta":{"footnotes":""},"categories":[1],"tags":[],"class_list":["post-51482","post","type-post","status-publish","format-standard","has-post-thumbnail","hentry","category-sin-categoria"],"_links":{"self":[{"href":"http:\/\/fmdelpueblo.ar\/index.php?rest_route=\/wp\/v2\/posts\/51482","targetHints":{"allow":["GET"]}}],"collection":[{"href":"http:\/\/fmdelpueblo.ar\/index.php?rest_route=\/wp\/v2\/posts"}],"about":[{"href":"http:\/\/fmdelpueblo.ar\/index.php?rest_route=\/wp\/v2\/types\/post"}],"replies":[{"embeddable":true,"href":"http:\/\/fmdelpueblo.ar\/index.php?rest_route=%2Fwp%2Fv2%2Fcomments&post=51482"}],"version-history":[{"count":0,"href":"http:\/\/fmdelpueblo.ar\/index.php?rest_route=\/wp\/v2\/posts\/51482\/revisions"}],"wp:attachment":[{"href":"http:\/\/fmdelpueblo.ar\/index.php?rest_route=%2Fwp%2Fv2%2Fmedia&parent=51482"}],"wp:term":[{"taxonomy":"category","embeddable":true,"href":"http:\/\/fmdelpueblo.ar\/index.php?rest_route=%2Fwp%2Fv2%2Fcategories&post=51482"},{"taxonomy":"post_tag","embeddable":true,"href":"http:\/\/fmdelpueblo.ar\/index.php?rest_route=%2Fwp%2Fv2%2Ftags&post=51482"}],"curies":[{"name":"wp","href":"https:\/\/api.w.org\/{rel}","templated":true}]}}