{"id":51475,"date":"2026-09-04T09:09:15","date_gmt":"2026-09-04T12:09:15","guid":{"rendered":"http:\/\/fmdelpueblo.ar\/?p=51475"},"modified":"2026-09-04T09:09:15","modified_gmt":"2026-09-04T12:09:15","slug":"golpe-para-alpine-la-fia-ratifico-la-sancion-a-gasly-en-el-gp-de-monaco-y-el-equipo-de-colapinto-perdio-el-podio","status":"publish","type":"post","link":"http:\/\/fmdelpueblo.ar\/?p=51475","title":{"rendered":"Golpe para Alpine: la FIA ratific\u00f3 la sanci\u00f3n a Gasly en el GP de M\u00f3naco y el equipo de Colapinto perdi\u00f3 el podio"},"content":{"rendered":"<p>La decisi\u00f3n se conoci\u00f3 en el arranque del fin de semana de la F\u00f3rmula 1 en Monza.El piloto franc\u00e9s qued\u00f3 7mo y la escuder\u00eda perdi\u00f3 9 puntos, alej\u00e1ndose de Racing Bulls.Isack Hadjar fue el gran beneficiado por el fallo: hered\u00f3 el tercer puesto.<\/p>","protected":false},"excerpt":{"rendered":"<p>La decisi\u00f3n se conoci\u00f3 en el arranque del fin de semana de la F\u00f3rmula 1 en Monza.El piloto franc\u00e9s qued\u00f3 7mo y la escuder\u00eda perdi\u00f3 9 puntos, alej\u00e1ndose de Racing Bulls.Isack Hadjar fue el gran beneficiado por el fallo: hered\u00f3 el tercer puesto.<\/p>\n","protected":false},"author":0,"featured_media":0,"comment_status":"","ping_status":"","sticky":false,"template":"","format":"standard","meta":{"footnotes":""},"categories":[1],"tags":[],"class_list":["post-51475","post","type-post","status-publish","format-standard","has-post-thumbnail","hentry","category-sin-categoria"],"_links":{"self":[{"href":"http:\/\/fmdelpueblo.ar\/index.php?rest_route=\/wp\/v2\/posts\/51475","targetHints":{"allow":["GET"]}}],"collection":[{"href":"http:\/\/fmdelpueblo.ar\/index.php?rest_route=\/wp\/v2\/posts"}],"about":[{"href":"http:\/\/fmdelpueblo.ar\/index.php?rest_route=\/wp\/v2\/types\/post"}],"replies":[{"embeddable":true,"href":"http:\/\/fmdelpueblo.ar\/index.php?rest_route=%2Fwp%2Fv2%2Fcomments&post=51475"}],"version-history":[{"count":0,"href":"http:\/\/fmdelpueblo.ar\/index.php?rest_route=\/wp\/v2\/posts\/51475\/revisions"}],"wp:attachment":[{"href":"http:\/\/fmdelpueblo.ar\/index.php?rest_route=%2Fwp%2Fv2%2Fmedia&parent=51475"}],"wp:term":[{"taxonomy":"category","embeddable":true,"href":"http:\/\/fmdelpueblo.ar\/index.php?rest_route=%2Fwp%2Fv2%2Fcategories&post=51475"},{"taxonomy":"post_tag","embeddable":true,"href":"http:\/\/fmdelpueblo.ar\/index.php?rest_route=%2Fwp%2Fv2%2Ftags&post=51475"}],"curies":[{"name":"wp","href":"https:\/\/api.w.org\/{rel}","templated":true}]}}