{"id":51474,"date":"2026-09-04T09:09:14","date_gmt":"2026-09-04T12:09:14","guid":{"rendered":"http:\/\/fmdelpueblo.ar\/?p=51474"},"modified":"2026-09-04T09:09:14","modified_gmt":"2026-09-04T12:09:14","slug":"lana-negra-laura-ferro-rescata-en-fotografias-aquello-que-la-industria-ovina-descarta","status":"publish","type":"post","link":"http:\/\/fmdelpueblo.ar\/?p=51474","title":{"rendered":"\u2018Lana negra\u2019: Laura Ferro rescata en fotograf\u00edas aquello que la industria ovina descarta"},"content":{"rendered":"<p>La lana negra, hist\u00f3ricamente separada de la producci\u00f3n de lana merino por su escaso valor comercial, se convierte en el eje de la obra de Laura Ferro.La fot\u00f3grafa recupera im\u00e1genes familiares, paisajes y restos del proceso industrial para construir una mirada sobre la tradici\u00f3n ovina de su familia. La muestra en Fundaci\u00f3n Larivi\u00e8re propone as\u00ed una nueva lectura sobre el descarte, la identidad y la herencia familiar.<\/p>","protected":false},"excerpt":{"rendered":"<p>La lana negra, hist\u00f3ricamente separada de la producci\u00f3n de lana merino por su escaso valor comercial, se convierte en el eje de la obra de Laura Ferro.La fot\u00f3grafa recupera im\u00e1genes familiares, paisajes y restos del proceso industrial para construir una mirada sobre la tradici\u00f3n ovina de su familia. La muestra en Fundaci\u00f3n Larivi\u00e8re propone as\u00ed [&hellip;]<\/p>\n","protected":false},"author":0,"featured_media":0,"comment_status":"","ping_status":"","sticky":false,"template":"","format":"standard","meta":{"footnotes":""},"categories":[1],"tags":[],"class_list":["post-51474","post","type-post","status-publish","format-standard","has-post-thumbnail","hentry","category-sin-categoria"],"_links":{"self":[{"href":"http:\/\/fmdelpueblo.ar\/index.php?rest_route=\/wp\/v2\/posts\/51474","targetHints":{"allow":["GET"]}}],"collection":[{"href":"http:\/\/fmdelpueblo.ar\/index.php?rest_route=\/wp\/v2\/posts"}],"about":[{"href":"http:\/\/fmdelpueblo.ar\/index.php?rest_route=\/wp\/v2\/types\/post"}],"replies":[{"embeddable":true,"href":"http:\/\/fmdelpueblo.ar\/index.php?rest_route=%2Fwp%2Fv2%2Fcomments&post=51474"}],"version-history":[{"count":0,"href":"http:\/\/fmdelpueblo.ar\/index.php?rest_route=\/wp\/v2\/posts\/51474\/revisions"}],"wp:attachment":[{"href":"http:\/\/fmdelpueblo.ar\/index.php?rest_route=%2Fwp%2Fv2%2Fmedia&parent=51474"}],"wp:term":[{"taxonomy":"category","embeddable":true,"href":"http:\/\/fmdelpueblo.ar\/index.php?rest_route=%2Fwp%2Fv2%2Fcategories&post=51474"},{"taxonomy":"post_tag","embeddable":true,"href":"http:\/\/fmdelpueblo.ar\/index.php?rest_route=%2Fwp%2Fv2%2Ftags&post=51474"}],"curies":[{"name":"wp","href":"https:\/\/api.w.org\/{rel}","templated":true}]}}