{"id":51473,"date":"2026-09-04T09:09:13","date_gmt":"2026-09-04T12:09:13","guid":{"rendered":"http:\/\/fmdelpueblo.ar\/?p=51473"},"modified":"2026-09-04T09:09:13","modified_gmt":"2026-09-04T12:09:13","slug":"javier-milei-y-sus-medidas-en-vivo-no-le-entregaremos-la-base-de-tierra-del-fuego-a-ee-uu-aseguro-quirno-y-no-descarto-un-viaje-del-presidente-a-reino-unido","status":"publish","type":"post","link":"http:\/\/fmdelpueblo.ar\/?p=51473","title":{"rendered":"Javier Milei y sus medidas, EN VIVO: \u00abNo le entregaremos la base de Tierra del Fuego a EE.UU.\u00bb, asegur\u00f3 Quirno y no descart\u00f3 un viaje del Presidente a Reino Unido"},"content":{"rendered":"<p>El canciller se\u00f1al\u00f3 que no hubo un pedido a Washington para que interceda ante Londres por la cuesti\u00f3n de soberan\u00eda sobre el archipi\u00e9lago.Segu\u00ed todas las novedades sobre las medidas del gobierno de Javier Milei en la cobertura minuto a minuto de Clar\u00edn.<\/p>","protected":false},"excerpt":{"rendered":"<p>El canciller se\u00f1al\u00f3 que no hubo un pedido a Washington para que interceda ante Londres por la cuesti\u00f3n de soberan\u00eda sobre el archipi\u00e9lago.Segu\u00ed todas las novedades sobre las medidas del gobierno de Javier Milei en la cobertura minuto a minuto de Clar\u00edn.<\/p>\n","protected":false},"author":0,"featured_media":0,"comment_status":"","ping_status":"","sticky":false,"template":"","format":"standard","meta":{"footnotes":""},"categories":[1],"tags":[],"class_list":["post-51473","post","type-post","status-publish","format-standard","has-post-thumbnail","hentry","category-sin-categoria"],"_links":{"self":[{"href":"http:\/\/fmdelpueblo.ar\/index.php?rest_route=\/wp\/v2\/posts\/51473","targetHints":{"allow":["GET"]}}],"collection":[{"href":"http:\/\/fmdelpueblo.ar\/index.php?rest_route=\/wp\/v2\/posts"}],"about":[{"href":"http:\/\/fmdelpueblo.ar\/index.php?rest_route=\/wp\/v2\/types\/post"}],"replies":[{"embeddable":true,"href":"http:\/\/fmdelpueblo.ar\/index.php?rest_route=%2Fwp%2Fv2%2Fcomments&post=51473"}],"version-history":[{"count":0,"href":"http:\/\/fmdelpueblo.ar\/index.php?rest_route=\/wp\/v2\/posts\/51473\/revisions"}],"wp:attachment":[{"href":"http:\/\/fmdelpueblo.ar\/index.php?rest_route=%2Fwp%2Fv2%2Fmedia&parent=51473"}],"wp:term":[{"taxonomy":"category","embeddable":true,"href":"http:\/\/fmdelpueblo.ar\/index.php?rest_route=%2Fwp%2Fv2%2Fcategories&post=51473"},{"taxonomy":"post_tag","embeddable":true,"href":"http:\/\/fmdelpueblo.ar\/index.php?rest_route=%2Fwp%2Fv2%2Ftags&post=51473"}],"curies":[{"name":"wp","href":"https:\/\/api.w.org\/{rel}","templated":true}]}}