{"id":51470,"date":"2026-09-04T09:09:11","date_gmt":"2026-09-04T12:09:11","guid":{"rendered":"http:\/\/fmdelpueblo.ar\/?p=51470"},"modified":"2026-09-04T09:09:11","modified_gmt":"2026-09-04T12:09:11","slug":"la-directora-maggie-gyllenhaal-renuncio-a-la-ia-en-su-filme-sobre-marilyn-monroe","status":"publish","type":"post","link":"http:\/\/fmdelpueblo.ar\/?p=51470","title":{"rendered":"La directora Maggie Gyllenhaal renunci\u00f3 a la IA en su filme sobre Marilyn Monroe"},"content":{"rendered":"<p>Maggie Gyllenhaal descart\u00f3 el uso de IA generativa en su filme sobre Marilyn Monroe al considerar que no cumpl\u00eda con sus expectativas creativas.El cortometraje \u00abFlesh Impact\u00bb explora una versi\u00f3n alternativa de la actriz, destacando la actuaci\u00f3n humana sobre los m\u00e9todos digitales.<\/p>","protected":false},"excerpt":{"rendered":"<p>Maggie Gyllenhaal descart\u00f3 el uso de IA generativa en su filme sobre Marilyn Monroe al considerar que no cumpl\u00eda con sus expectativas creativas.El cortometraje \u00abFlesh Impact\u00bb explora una versi\u00f3n alternativa de la actriz, destacando la actuaci\u00f3n humana sobre los m\u00e9todos digitales.<\/p>\n","protected":false},"author":0,"featured_media":0,"comment_status":"","ping_status":"","sticky":false,"template":"","format":"standard","meta":{"footnotes":""},"categories":[1],"tags":[],"class_list":["post-51470","post","type-post","status-publish","format-standard","has-post-thumbnail","hentry","category-sin-categoria"],"_links":{"self":[{"href":"http:\/\/fmdelpueblo.ar\/index.php?rest_route=\/wp\/v2\/posts\/51470","targetHints":{"allow":["GET"]}}],"collection":[{"href":"http:\/\/fmdelpueblo.ar\/index.php?rest_route=\/wp\/v2\/posts"}],"about":[{"href":"http:\/\/fmdelpueblo.ar\/index.php?rest_route=\/wp\/v2\/types\/post"}],"replies":[{"embeddable":true,"href":"http:\/\/fmdelpueblo.ar\/index.php?rest_route=%2Fwp%2Fv2%2Fcomments&post=51470"}],"version-history":[{"count":0,"href":"http:\/\/fmdelpueblo.ar\/index.php?rest_route=\/wp\/v2\/posts\/51470\/revisions"}],"wp:attachment":[{"href":"http:\/\/fmdelpueblo.ar\/index.php?rest_route=%2Fwp%2Fv2%2Fmedia&parent=51470"}],"wp:term":[{"taxonomy":"category","embeddable":true,"href":"http:\/\/fmdelpueblo.ar\/index.php?rest_route=%2Fwp%2Fv2%2Fcategories&post=51470"},{"taxonomy":"post_tag","embeddable":true,"href":"http:\/\/fmdelpueblo.ar\/index.php?rest_route=%2Fwp%2Fv2%2Ftags&post=51470"}],"curies":[{"name":"wp","href":"https:\/\/api.w.org\/{rel}","templated":true}]}}