{"id":51465,"date":"2026-09-04T08:09:06","date_gmt":"2026-09-04T11:09:06","guid":{"rendered":"http:\/\/fmdelpueblo.ar\/?p=51465"},"modified":"2026-09-04T08:09:06","modified_gmt":"2026-09-04T11:09:06","slug":"la-controversia-por-malvinas-en-ee-uu-que-busca-trump-la-reaccion-al-discurso-de-milei-y-la-clave-de-la-bandera-en-el-partido-del-mundial","status":"publish","type":"post","link":"http:\/\/fmdelpueblo.ar\/?p=51465","title":{"rendered":"La controversia por Malvinas en EE.UU.: Qu\u00e9 busca Trump, la reacci\u00f3n al discurso de Milei y la clave de la bandera en el partido del Mundial"},"content":{"rendered":"<p>Expertos consultados por Clar\u00edn afirman que las declaraciones del jefe de la Casa Blanca sobre el conflicto pueden ser solo un arma de presi\u00f3n sobre Gran Breta\u00f1a, aunque podr\u00eda haber otra estrategia.Advierten que el mensaje de Milei del jueves por la noche puede contribuir a \u00abjustificar la presencia de EE.UU. en una base fueguina\u00bb.<\/p>","protected":false},"excerpt":{"rendered":"<p>Expertos consultados por Clar\u00edn afirman que las declaraciones del jefe de la Casa Blanca sobre el conflicto pueden ser solo un arma de presi\u00f3n sobre Gran Breta\u00f1a, aunque podr\u00eda haber otra estrategia.Advierten que el mensaje de Milei del jueves por la noche puede contribuir a \u00abjustificar la presencia de EE.UU. en una base fueguina\u00bb.<\/p>\n","protected":false},"author":0,"featured_media":0,"comment_status":"","ping_status":"","sticky":false,"template":"","format":"standard","meta":{"footnotes":""},"categories":[1],"tags":[],"class_list":["post-51465","post","type-post","status-publish","format-standard","has-post-thumbnail","hentry","category-sin-categoria"],"_links":{"self":[{"href":"http:\/\/fmdelpueblo.ar\/index.php?rest_route=\/wp\/v2\/posts\/51465","targetHints":{"allow":["GET"]}}],"collection":[{"href":"http:\/\/fmdelpueblo.ar\/index.php?rest_route=\/wp\/v2\/posts"}],"about":[{"href":"http:\/\/fmdelpueblo.ar\/index.php?rest_route=\/wp\/v2\/types\/post"}],"replies":[{"embeddable":true,"href":"http:\/\/fmdelpueblo.ar\/index.php?rest_route=%2Fwp%2Fv2%2Fcomments&post=51465"}],"version-history":[{"count":0,"href":"http:\/\/fmdelpueblo.ar\/index.php?rest_route=\/wp\/v2\/posts\/51465\/revisions"}],"wp:attachment":[{"href":"http:\/\/fmdelpueblo.ar\/index.php?rest_route=%2Fwp%2Fv2%2Fmedia&parent=51465"}],"wp:term":[{"taxonomy":"category","embeddable":true,"href":"http:\/\/fmdelpueblo.ar\/index.php?rest_route=%2Fwp%2Fv2%2Fcategories&post=51465"},{"taxonomy":"post_tag","embeddable":true,"href":"http:\/\/fmdelpueblo.ar\/index.php?rest_route=%2Fwp%2Fv2%2Ftags&post=51465"}],"curies":[{"name":"wp","href":"https:\/\/api.w.org\/{rel}","templated":true}]}}