{"id":51430,"date":"2026-09-04T04:09:07","date_gmt":"2026-09-04T07:09:07","guid":{"rendered":"http:\/\/fmdelpueblo.ar\/?p=51430"},"modified":"2026-09-04T04:09:07","modified_gmt":"2026-09-04T07:09:07","slug":"acuerdo-petrolero-entre-venezuela-y-eeuu-y-otras-fotos-de-la-semana-en-latinoamerica-y-caribe","status":"publish","type":"post","link":"http:\/\/fmdelpueblo.ar\/?p=51430","title":{"rendered":"Acuerdo petrolero entre Venezuela y EEUU y otras fotos de la semana en Latinoam\u00e9rica y Caribe"},"content":{"rendered":"<p>El funcionario estadounidense busca mejorar la relaci\u00f3n energ\u00e9tica con Venezuela, enfoc\u00e1ndose en sus recursos petroleros.La capital argentina fue escenario del campeonato mundial de danza, atrayendo a numerosos participantes y espectadores.<\/p>","protected":false},"excerpt":{"rendered":"<p>El funcionario estadounidense busca mejorar la relaci\u00f3n energ\u00e9tica con Venezuela, enfoc\u00e1ndose en sus recursos petroleros.La capital argentina fue escenario del campeonato mundial de danza, atrayendo a numerosos participantes y espectadores.<\/p>\n","protected":false},"author":0,"featured_media":0,"comment_status":"","ping_status":"","sticky":false,"template":"","format":"standard","meta":{"footnotes":""},"categories":[1],"tags":[],"class_list":["post-51430","post","type-post","status-publish","format-standard","has-post-thumbnail","hentry","category-sin-categoria"],"_links":{"self":[{"href":"http:\/\/fmdelpueblo.ar\/index.php?rest_route=\/wp\/v2\/posts\/51430","targetHints":{"allow":["GET"]}}],"collection":[{"href":"http:\/\/fmdelpueblo.ar\/index.php?rest_route=\/wp\/v2\/posts"}],"about":[{"href":"http:\/\/fmdelpueblo.ar\/index.php?rest_route=\/wp\/v2\/types\/post"}],"replies":[{"embeddable":true,"href":"http:\/\/fmdelpueblo.ar\/index.php?rest_route=%2Fwp%2Fv2%2Fcomments&post=51430"}],"version-history":[{"count":0,"href":"http:\/\/fmdelpueblo.ar\/index.php?rest_route=\/wp\/v2\/posts\/51430\/revisions"}],"wp:attachment":[{"href":"http:\/\/fmdelpueblo.ar\/index.php?rest_route=%2Fwp%2Fv2%2Fmedia&parent=51430"}],"wp:term":[{"taxonomy":"category","embeddable":true,"href":"http:\/\/fmdelpueblo.ar\/index.php?rest_route=%2Fwp%2Fv2%2Fcategories&post=51430"},{"taxonomy":"post_tag","embeddable":true,"href":"http:\/\/fmdelpueblo.ar\/index.php?rest_route=%2Fwp%2Fv2%2Ftags&post=51430"}],"curies":[{"name":"wp","href":"https:\/\/api.w.org\/{rel}","templated":true}]}}