{"id":51404,"date":"2026-09-04T00:08:58","date_gmt":"2026-09-04T03:08:58","guid":{"rendered":"https:\/\/fmdelpueblo.ar\/?p=51404"},"modified":"2026-09-04T00:08:58","modified_gmt":"2026-09-04T03:08:58","slug":"milei-endurecera-sanciones-contra-companias-vinculadas-a-proyectos-petroleros-en-malvinas","status":"publish","type":"post","link":"http:\/\/fmdelpueblo.ar\/?p=51404","title":{"rendered":"Milei endurecer\u00e1 sanciones contra compa\u00f1\u00edas vinculadas a proyectos petroleros en Malvinas"},"content":{"rendered":"<p>El mandatario argentino percibe un entorno internacional favorable para el reclamo de soberan\u00eda sobre el archipi\u00e9lago del Atl\u00e1ntico sur.Anuncia medidas m\u00e1s severas contra empresas petroleras en la regi\u00f3n y planea una base naval en el extremo sur del pa\u00eds.<\/p>","protected":false},"excerpt":{"rendered":"<p>El mandatario argentino percibe un entorno internacional favorable para el reclamo de soberan\u00eda sobre el archipi\u00e9lago del Atl\u00e1ntico sur.Anuncia medidas m\u00e1s severas contra empresas petroleras en la regi\u00f3n y planea una base naval en el extremo sur del pa\u00eds.<\/p>\n","protected":false},"author":0,"featured_media":0,"comment_status":"","ping_status":"","sticky":false,"template":"","format":"standard","meta":{"footnotes":""},"categories":[1],"tags":[],"class_list":["post-51404","post","type-post","status-publish","format-standard","has-post-thumbnail","hentry","category-sin-categoria"],"_links":{"self":[{"href":"http:\/\/fmdelpueblo.ar\/index.php?rest_route=\/wp\/v2\/posts\/51404","targetHints":{"allow":["GET"]}}],"collection":[{"href":"http:\/\/fmdelpueblo.ar\/index.php?rest_route=\/wp\/v2\/posts"}],"about":[{"href":"http:\/\/fmdelpueblo.ar\/index.php?rest_route=\/wp\/v2\/types\/post"}],"replies":[{"embeddable":true,"href":"http:\/\/fmdelpueblo.ar\/index.php?rest_route=%2Fwp%2Fv2%2Fcomments&post=51404"}],"version-history":[{"count":0,"href":"http:\/\/fmdelpueblo.ar\/index.php?rest_route=\/wp\/v2\/posts\/51404\/revisions"}],"wp:attachment":[{"href":"http:\/\/fmdelpueblo.ar\/index.php?rest_route=%2Fwp%2Fv2%2Fmedia&parent=51404"}],"wp:term":[{"taxonomy":"category","embeddable":true,"href":"http:\/\/fmdelpueblo.ar\/index.php?rest_route=%2Fwp%2Fv2%2Fcategories&post=51404"},{"taxonomy":"post_tag","embeddable":true,"href":"http:\/\/fmdelpueblo.ar\/index.php?rest_route=%2Fwp%2Fv2%2Ftags&post=51404"}],"curies":[{"name":"wp","href":"https:\/\/api.w.org\/{rel}","templated":true}]}}