{"id":51403,"date":"2026-09-04T00:08:57","date_gmt":"2026-09-04T03:08:57","guid":{"rendered":"https:\/\/fmdelpueblo.ar\/?p=51403"},"modified":"2026-09-04T00:08:57","modified_gmt":"2026-09-04T03:08:57","slug":"el-autor-del-tiroteo-en-mineapolis-habia-amenazado-a-varios-vecinos-antes-del-ataque","status":"publish","type":"post","link":"http:\/\/fmdelpueblo.ar\/?p=51403","title":{"rendered":"El autor del tiroteo en Mine\u00e1polis hab\u00eda amenazado a varios vecinos antes del ataque"},"content":{"rendered":"<p>Un residente de 35 a\u00f1os, en proceso de desalojo, desat\u00f3 un tiroteo en un edificio de Mine\u00e1polis, dejando tres muertos y seis heridos.El ataque inici\u00f3 durante un intercambio de custodia; el agresor falleci\u00f3 tras enfrentarse a la polic\u00eda en el noveno piso del inmueble.<\/p>","protected":false},"excerpt":{"rendered":"<p>Un residente de 35 a\u00f1os, en proceso de desalojo, desat\u00f3 un tiroteo en un edificio de Mine\u00e1polis, dejando tres muertos y seis heridos.El ataque inici\u00f3 durante un intercambio de custodia; el agresor falleci\u00f3 tras enfrentarse a la polic\u00eda en el noveno piso del inmueble.<\/p>\n","protected":false},"author":0,"featured_media":0,"comment_status":"","ping_status":"","sticky":false,"template":"","format":"standard","meta":{"footnotes":""},"categories":[1],"tags":[],"class_list":["post-51403","post","type-post","status-publish","format-standard","has-post-thumbnail","hentry","category-sin-categoria"],"_links":{"self":[{"href":"http:\/\/fmdelpueblo.ar\/index.php?rest_route=\/wp\/v2\/posts\/51403","targetHints":{"allow":["GET"]}}],"collection":[{"href":"http:\/\/fmdelpueblo.ar\/index.php?rest_route=\/wp\/v2\/posts"}],"about":[{"href":"http:\/\/fmdelpueblo.ar\/index.php?rest_route=\/wp\/v2\/types\/post"}],"replies":[{"embeddable":true,"href":"http:\/\/fmdelpueblo.ar\/index.php?rest_route=%2Fwp%2Fv2%2Fcomments&post=51403"}],"version-history":[{"count":0,"href":"http:\/\/fmdelpueblo.ar\/index.php?rest_route=\/wp\/v2\/posts\/51403\/revisions"}],"wp:attachment":[{"href":"http:\/\/fmdelpueblo.ar\/index.php?rest_route=%2Fwp%2Fv2%2Fmedia&parent=51403"}],"wp:term":[{"taxonomy":"category","embeddable":true,"href":"http:\/\/fmdelpueblo.ar\/index.php?rest_route=%2Fwp%2Fv2%2Fcategories&post=51403"},{"taxonomy":"post_tag","embeddable":true,"href":"http:\/\/fmdelpueblo.ar\/index.php?rest_route=%2Fwp%2Fv2%2Ftags&post=51403"}],"curies":[{"name":"wp","href":"https:\/\/api.w.org\/{rel}","templated":true}]}}