{"id":51402,"date":"2026-09-04T00:08:56","date_gmt":"2026-09-04T03:08:56","guid":{"rendered":"https:\/\/fmdelpueblo.ar\/?p=51402"},"modified":"2026-09-04T00:08:56","modified_gmt":"2026-09-04T03:08:56","slug":"venezuela-dice-que-no-es-suficiente-la-flexibilizacion-de-sanciones-y-pide-el-cese-total","status":"publish","type":"post","link":"http:\/\/fmdelpueblo.ar\/?p=51402","title":{"rendered":"Venezuela dice que \u00abno es suficiente\u00bb la flexibilizaci\u00f3n de sanciones y pide el cese total"},"content":{"rendered":"<p>La titular de Energ\u00eda de Venezuela considera insuficiente el alivio de sanciones tras el reciente pacto energ\u00e9tico con EE.UU. y pide su total eliminaci\u00f3n.Durante una entrevista, destac\u00f3 la apertura a inversiones, pero subray\u00f3 que las medidas actuales no satisfacen las necesidades del sector.<\/p>","protected":false},"excerpt":{"rendered":"<p>La titular de Energ\u00eda de Venezuela considera insuficiente el alivio de sanciones tras el reciente pacto energ\u00e9tico con EE.UU. y pide su total eliminaci\u00f3n.Durante una entrevista, destac\u00f3 la apertura a inversiones, pero subray\u00f3 que las medidas actuales no satisfacen las necesidades del sector.<\/p>\n","protected":false},"author":0,"featured_media":0,"comment_status":"","ping_status":"","sticky":false,"template":"","format":"standard","meta":{"footnotes":""},"categories":[1],"tags":[],"class_list":["post-51402","post","type-post","status-publish","format-standard","has-post-thumbnail","hentry","category-sin-categoria"],"_links":{"self":[{"href":"http:\/\/fmdelpueblo.ar\/index.php?rest_route=\/wp\/v2\/posts\/51402","targetHints":{"allow":["GET"]}}],"collection":[{"href":"http:\/\/fmdelpueblo.ar\/index.php?rest_route=\/wp\/v2\/posts"}],"about":[{"href":"http:\/\/fmdelpueblo.ar\/index.php?rest_route=\/wp\/v2\/types\/post"}],"replies":[{"embeddable":true,"href":"http:\/\/fmdelpueblo.ar\/index.php?rest_route=%2Fwp%2Fv2%2Fcomments&post=51402"}],"version-history":[{"count":0,"href":"http:\/\/fmdelpueblo.ar\/index.php?rest_route=\/wp\/v2\/posts\/51402\/revisions"}],"wp:attachment":[{"href":"http:\/\/fmdelpueblo.ar\/index.php?rest_route=%2Fwp%2Fv2%2Fmedia&parent=51402"}],"wp:term":[{"taxonomy":"category","embeddable":true,"href":"http:\/\/fmdelpueblo.ar\/index.php?rest_route=%2Fwp%2Fv2%2Fcategories&post=51402"},{"taxonomy":"post_tag","embeddable":true,"href":"http:\/\/fmdelpueblo.ar\/index.php?rest_route=%2Fwp%2Fv2%2Ftags&post=51402"}],"curies":[{"name":"wp","href":"https:\/\/api.w.org\/{rel}","templated":true}]}}