{"id":51399,"date":"2026-09-04T00:08:55","date_gmt":"2026-09-04T03:08:55","guid":{"rendered":"https:\/\/fmdelpueblo.ar\/?p=51399"},"modified":"2026-09-04T00:08:55","modified_gmt":"2026-09-04T03:08:55","slug":"escandalo-por-la-biblioteca-del-congreso-nombramiento-con-polemica-por-una-denuncia-de-violencia-intrafamiliar-y-agresion-contra-un-senador-en-la-calle","status":"publish","type":"post","link":"http:\/\/fmdelpueblo.ar\/?p=51399","title":{"rendered":"Esc\u00e1ndalo por la Biblioteca del Congreso: nombramiento con pol\u00e9mica por una denuncia de violencia intrafamiliar y agresi\u00f3n contra un senador en la calle"},"content":{"rendered":"<p>Hubo discusiones por el cambio de voto de una senadora radical en la reuni\u00f3n de una bicameral que eleg\u00eda las autoridades de la comisi\u00f3n de la Biblioteca. Afuera se movilizaron empleados de la entidad, enojados con la designaci\u00f3n de dos legisladores libertarios y del cuestionado asesor de un senador.Explosi\u00f3n a la salida de la reuni\u00f3n, con gritos y escupitajos.<\/p>","protected":false},"excerpt":{"rendered":"<p>Hubo discusiones por el cambio de voto de una senadora radical en la reuni\u00f3n de una bicameral que eleg\u00eda las autoridades de la comisi\u00f3n de la Biblioteca. Afuera se movilizaron empleados de la entidad, enojados con la designaci\u00f3n de dos legisladores libertarios y del cuestionado asesor de un senador.Explosi\u00f3n a la salida de la reuni\u00f3n, [&hellip;]<\/p>\n","protected":false},"author":0,"featured_media":0,"comment_status":"","ping_status":"","sticky":false,"template":"","format":"standard","meta":{"footnotes":""},"categories":[1],"tags":[],"class_list":["post-51399","post","type-post","status-publish","format-standard","has-post-thumbnail","hentry","category-sin-categoria"],"_links":{"self":[{"href":"http:\/\/fmdelpueblo.ar\/index.php?rest_route=\/wp\/v2\/posts\/51399","targetHints":{"allow":["GET"]}}],"collection":[{"href":"http:\/\/fmdelpueblo.ar\/index.php?rest_route=\/wp\/v2\/posts"}],"about":[{"href":"http:\/\/fmdelpueblo.ar\/index.php?rest_route=\/wp\/v2\/types\/post"}],"replies":[{"embeddable":true,"href":"http:\/\/fmdelpueblo.ar\/index.php?rest_route=%2Fwp%2Fv2%2Fcomments&post=51399"}],"version-history":[{"count":0,"href":"http:\/\/fmdelpueblo.ar\/index.php?rest_route=\/wp\/v2\/posts\/51399\/revisions"}],"wp:attachment":[{"href":"http:\/\/fmdelpueblo.ar\/index.php?rest_route=%2Fwp%2Fv2%2Fmedia&parent=51399"}],"wp:term":[{"taxonomy":"category","embeddable":true,"href":"http:\/\/fmdelpueblo.ar\/index.php?rest_route=%2Fwp%2Fv2%2Fcategories&post=51399"},{"taxonomy":"post_tag","embeddable":true,"href":"http:\/\/fmdelpueblo.ar\/index.php?rest_route=%2Fwp%2Fv2%2Ftags&post=51399"}],"curies":[{"name":"wp","href":"https:\/\/api.w.org\/{rel}","templated":true}]}}