{"id":51397,"date":"2026-09-04T00:08:53","date_gmt":"2026-09-04T03:08:53","guid":{"rendered":"https:\/\/fmdelpueblo.ar\/?p=51397"},"modified":"2026-09-04T00:08:53","modified_gmt":"2026-09-04T03:08:53","slug":"milei-percibe-vientos-favorables-al-reclamo-de-argentina-por-malvinas","status":"publish","type":"post","link":"http:\/\/fmdelpueblo.ar\/?p=51397","title":{"rendered":"Milei percibe vientos \u00abfavorables\u00bb al reclamo de Argentina por Malvinas"},"content":{"rendered":"<p>El mandatario argentino percibe un entorno internacional propicio para su reclamo por las islas del Atl\u00e1ntico sur y endurecer\u00e1 medidas contra empresas petroleras. Estados Unidos podr\u00eda revisar su posici\u00f3n neutral, lo que genera expectativas cautelosas debido a su s\u00f3lida relaci\u00f3n con el Reino Unido.<\/p>","protected":false},"excerpt":{"rendered":"<p>El mandatario argentino percibe un entorno internacional propicio para su reclamo por las islas del Atl\u00e1ntico sur y endurecer\u00e1 medidas contra empresas petroleras. Estados Unidos podr\u00eda revisar su posici\u00f3n neutral, lo que genera expectativas cautelosas debido a su s\u00f3lida relaci\u00f3n con el Reino Unido.<\/p>\n","protected":false},"author":0,"featured_media":0,"comment_status":"","ping_status":"","sticky":false,"template":"","format":"standard","meta":{"footnotes":""},"categories":[1],"tags":[],"class_list":["post-51397","post","type-post","status-publish","format-standard","has-post-thumbnail","hentry","category-sin-categoria"],"_links":{"self":[{"href":"http:\/\/fmdelpueblo.ar\/index.php?rest_route=\/wp\/v2\/posts\/51397","targetHints":{"allow":["GET"]}}],"collection":[{"href":"http:\/\/fmdelpueblo.ar\/index.php?rest_route=\/wp\/v2\/posts"}],"about":[{"href":"http:\/\/fmdelpueblo.ar\/index.php?rest_route=\/wp\/v2\/types\/post"}],"replies":[{"embeddable":true,"href":"http:\/\/fmdelpueblo.ar\/index.php?rest_route=%2Fwp%2Fv2%2Fcomments&post=51397"}],"version-history":[{"count":0,"href":"http:\/\/fmdelpueblo.ar\/index.php?rest_route=\/wp\/v2\/posts\/51397\/revisions"}],"wp:attachment":[{"href":"http:\/\/fmdelpueblo.ar\/index.php?rest_route=%2Fwp%2Fv2%2Fmedia&parent=51397"}],"wp:term":[{"taxonomy":"category","embeddable":true,"href":"http:\/\/fmdelpueblo.ar\/index.php?rest_route=%2Fwp%2Fv2%2Fcategories&post=51397"},{"taxonomy":"post_tag","embeddable":true,"href":"http:\/\/fmdelpueblo.ar\/index.php?rest_route=%2Fwp%2Fv2%2Ftags&post=51397"}],"curies":[{"name":"wp","href":"https:\/\/api.w.org\/{rel}","templated":true}]}}