{"id":51385,"date":"2026-09-03T22:08:59","date_gmt":"2026-09-04T01:08:59","guid":{"rendered":"http:\/\/fmdelpueblo.ar\/?p=51385"},"modified":"2026-09-03T22:08:59","modified_gmt":"2026-09-04T01:08:59","slug":"buscan-a-hombre-y-su-hija-por-la-muerte-de-una-bebe-abandonada-en-carretera-de-california","status":"publish","type":"post","link":"http:\/\/fmdelpueblo.ar\/?p=51385","title":{"rendered":"Buscan a hombre y su hija por la muerte de una beb\u00e9 abandonada en carretera de California"},"content":{"rendered":"<p>La b\u00fasqueda de un hombre y su hija de 14 a\u00f1os sigue tras hallar el cuerpo de una beb\u00e9 en una carretera rural al norte de California.La Fiscal\u00eda acusa al padre de abuso sexual infantil. La joven, v\u00edctima y sospechosa, a\u00fan no enfrenta cargos formales.<\/p>","protected":false},"excerpt":{"rendered":"<p>La b\u00fasqueda de un hombre y su hija de 14 a\u00f1os sigue tras hallar el cuerpo de una beb\u00e9 en una carretera rural al norte de California.La Fiscal\u00eda acusa al padre de abuso sexual infantil. La joven, v\u00edctima y sospechosa, a\u00fan no enfrenta cargos formales.<\/p>\n","protected":false},"author":0,"featured_media":0,"comment_status":"","ping_status":"","sticky":false,"template":"","format":"standard","meta":{"footnotes":""},"categories":[1],"tags":[],"class_list":["post-51385","post","type-post","status-publish","format-standard","has-post-thumbnail","hentry","category-sin-categoria"],"_links":{"self":[{"href":"http:\/\/fmdelpueblo.ar\/index.php?rest_route=\/wp\/v2\/posts\/51385","targetHints":{"allow":["GET"]}}],"collection":[{"href":"http:\/\/fmdelpueblo.ar\/index.php?rest_route=\/wp\/v2\/posts"}],"about":[{"href":"http:\/\/fmdelpueblo.ar\/index.php?rest_route=\/wp\/v2\/types\/post"}],"replies":[{"embeddable":true,"href":"http:\/\/fmdelpueblo.ar\/index.php?rest_route=%2Fwp%2Fv2%2Fcomments&post=51385"}],"version-history":[{"count":0,"href":"http:\/\/fmdelpueblo.ar\/index.php?rest_route=\/wp\/v2\/posts\/51385\/revisions"}],"wp:attachment":[{"href":"http:\/\/fmdelpueblo.ar\/index.php?rest_route=%2Fwp%2Fv2%2Fmedia&parent=51385"}],"wp:term":[{"taxonomy":"category","embeddable":true,"href":"http:\/\/fmdelpueblo.ar\/index.php?rest_route=%2Fwp%2Fv2%2Fcategories&post=51385"},{"taxonomy":"post_tag","embeddable":true,"href":"http:\/\/fmdelpueblo.ar\/index.php?rest_route=%2Fwp%2Fv2%2Ftags&post=51385"}],"curies":[{"name":"wp","href":"https:\/\/api.w.org\/{rel}","templated":true}]}}