{"id":51381,"date":"2026-09-03T22:08:56","date_gmt":"2026-09-04T01:08:56","guid":{"rendered":"http:\/\/fmdelpueblo.ar\/?p=51381"},"modified":"2026-09-03T22:08:56","modified_gmt":"2026-09-04T01:08:56","slug":"eeuu-deporta-a-mas-de-100-personas-a-haiti-mientras-persiste-la-violencia-de-pandillas","status":"publish","type":"post","link":"http:\/\/fmdelpueblo.ar\/?p=51381","title":{"rendered":"EEUU deporta a m\u00e1s de 100 personas a Hait\u00ed mientras persiste la violencia de pandillas"},"content":{"rendered":"<p>Estados Unidos intensifica las deportaciones a Hait\u00ed, con vuelos semanales que env\u00edan a m\u00e1s de 100 personas al atribulado pa\u00eds caribe\u00f1o.La violencia y el control de pandillas en Puerto Pr\u00edncipe obligan a desviar los vuelos a Cabo Haitiano por razones de seguridad.<\/p>","protected":false},"excerpt":{"rendered":"<p>Estados Unidos intensifica las deportaciones a Hait\u00ed, con vuelos semanales que env\u00edan a m\u00e1s de 100 personas al atribulado pa\u00eds caribe\u00f1o.La violencia y el control de pandillas en Puerto Pr\u00edncipe obligan a desviar los vuelos a Cabo Haitiano por razones de seguridad.<\/p>\n","protected":false},"author":0,"featured_media":0,"comment_status":"","ping_status":"","sticky":false,"template":"","format":"standard","meta":{"footnotes":""},"categories":[1],"tags":[],"class_list":["post-51381","post","type-post","status-publish","format-standard","has-post-thumbnail","hentry","category-sin-categoria"],"_links":{"self":[{"href":"http:\/\/fmdelpueblo.ar\/index.php?rest_route=\/wp\/v2\/posts\/51381","targetHints":{"allow":["GET"]}}],"collection":[{"href":"http:\/\/fmdelpueblo.ar\/index.php?rest_route=\/wp\/v2\/posts"}],"about":[{"href":"http:\/\/fmdelpueblo.ar\/index.php?rest_route=\/wp\/v2\/types\/post"}],"replies":[{"embeddable":true,"href":"http:\/\/fmdelpueblo.ar\/index.php?rest_route=%2Fwp%2Fv2%2Fcomments&post=51381"}],"version-history":[{"count":0,"href":"http:\/\/fmdelpueblo.ar\/index.php?rest_route=\/wp\/v2\/posts\/51381\/revisions"}],"wp:attachment":[{"href":"http:\/\/fmdelpueblo.ar\/index.php?rest_route=%2Fwp%2Fv2%2Fmedia&parent=51381"}],"wp:term":[{"taxonomy":"category","embeddable":true,"href":"http:\/\/fmdelpueblo.ar\/index.php?rest_route=%2Fwp%2Fv2%2Fcategories&post=51381"},{"taxonomy":"post_tag","embeddable":true,"href":"http:\/\/fmdelpueblo.ar\/index.php?rest_route=%2Fwp%2Fv2%2Ftags&post=51381"}],"curies":[{"name":"wp","href":"https:\/\/api.w.org\/{rel}","templated":true}]}}