{"id":51375,"date":"2026-09-03T21:09:10","date_gmt":"2026-09-04T00:09:10","guid":{"rendered":"https:\/\/fmdelpueblo.ar\/?p=51375"},"modified":"2026-09-03T21:09:10","modified_gmt":"2026-09-04T00:09:10","slug":"internas-chicanas-y-el-dilema-de-los-ex-empieza-a-calentarse-la-eleccion-mas-esperada-del-2027","status":"publish","type":"post","link":"http:\/\/fmdelpueblo.ar\/?p=51375","title":{"rendered":"Internas, chicanas y el dilema de los ex: empieza a calentarse la elecci\u00f3n m\u00e1s esperada del 2027"},"content":{"rendered":"<p>El comicio porte\u00f1o para jefe de Gobierno llega con roces entre los Macri y con La Libertad Avanza sin candidato. Bullrich y Santilli dicen que no, pero algunos no les creen. Larreta coquetea con el electorado progre-peronista y les pega a sus antiguos socios.<\/p>","protected":false},"excerpt":{"rendered":"<p>El comicio porte\u00f1o para jefe de Gobierno llega con roces entre los Macri y con La Libertad Avanza sin candidato. Bullrich y Santilli dicen que no, pero algunos no les creen. Larreta coquetea con el electorado progre-peronista y les pega a sus antiguos socios.<\/p>\n","protected":false},"author":0,"featured_media":0,"comment_status":"","ping_status":"","sticky":false,"template":"","format":"standard","meta":{"footnotes":""},"categories":[1],"tags":[],"class_list":["post-51375","post","type-post","status-publish","format-standard","has-post-thumbnail","hentry","category-sin-categoria"],"_links":{"self":[{"href":"http:\/\/fmdelpueblo.ar\/index.php?rest_route=\/wp\/v2\/posts\/51375","targetHints":{"allow":["GET"]}}],"collection":[{"href":"http:\/\/fmdelpueblo.ar\/index.php?rest_route=\/wp\/v2\/posts"}],"about":[{"href":"http:\/\/fmdelpueblo.ar\/index.php?rest_route=\/wp\/v2\/types\/post"}],"replies":[{"embeddable":true,"href":"http:\/\/fmdelpueblo.ar\/index.php?rest_route=%2Fwp%2Fv2%2Fcomments&post=51375"}],"version-history":[{"count":0,"href":"http:\/\/fmdelpueblo.ar\/index.php?rest_route=\/wp\/v2\/posts\/51375\/revisions"}],"wp:attachment":[{"href":"http:\/\/fmdelpueblo.ar\/index.php?rest_route=%2Fwp%2Fv2%2Fmedia&parent=51375"}],"wp:term":[{"taxonomy":"category","embeddable":true,"href":"http:\/\/fmdelpueblo.ar\/index.php?rest_route=%2Fwp%2Fv2%2Fcategories&post=51375"},{"taxonomy":"post_tag","embeddable":true,"href":"http:\/\/fmdelpueblo.ar\/index.php?rest_route=%2Fwp%2Fv2%2Ftags&post=51375"}],"curies":[{"name":"wp","href":"https:\/\/api.w.org\/{rel}","templated":true}]}}