{"id":51372,"date":"2026-09-03T21:09:09","date_gmt":"2026-09-04T00:09:09","guid":{"rendered":"https:\/\/fmdelpueblo.ar\/?p=51372"},"modified":"2026-09-03T21:09:09","modified_gmt":"2026-09-04T00:09:09","slug":"construccion-de-arco-de-trump-comenzara-este-mes-segun-alto-funcionario-de-eeuu","status":"publish","type":"post","link":"http:\/\/fmdelpueblo.ar\/?p=51372","title":{"rendered":"Construcci\u00f3n de arco de Trump comenzar\u00e1 este mes, seg\u00fan alto funcionario de EEUU"},"content":{"rendered":"<p>El gobierno de EE.UU. iniciar\u00e1 la construcci\u00f3n de un arco monumental en Washington, impulsado por el mandatario, generando controversia por su ubicaci\u00f3n.El proyecto, parte del legado arquitect\u00f3nico del l\u00edder, enfrenta cr\u00edticas por su impacto visual entre emblem\u00e1ticos monumentos nacionales.<\/p>","protected":false},"excerpt":{"rendered":"<p>El gobierno de EE.UU. iniciar\u00e1 la construcci\u00f3n de un arco monumental en Washington, impulsado por el mandatario, generando controversia por su ubicaci\u00f3n.El proyecto, parte del legado arquitect\u00f3nico del l\u00edder, enfrenta cr\u00edticas por su impacto visual entre emblem\u00e1ticos monumentos nacionales.<\/p>\n","protected":false},"author":0,"featured_media":0,"comment_status":"","ping_status":"","sticky":false,"template":"","format":"standard","meta":{"footnotes":""},"categories":[1],"tags":[],"class_list":["post-51372","post","type-post","status-publish","format-standard","has-post-thumbnail","hentry","category-sin-categoria"],"_links":{"self":[{"href":"http:\/\/fmdelpueblo.ar\/index.php?rest_route=\/wp\/v2\/posts\/51372","targetHints":{"allow":["GET"]}}],"collection":[{"href":"http:\/\/fmdelpueblo.ar\/index.php?rest_route=\/wp\/v2\/posts"}],"about":[{"href":"http:\/\/fmdelpueblo.ar\/index.php?rest_route=\/wp\/v2\/types\/post"}],"replies":[{"embeddable":true,"href":"http:\/\/fmdelpueblo.ar\/index.php?rest_route=%2Fwp%2Fv2%2Fcomments&post=51372"}],"version-history":[{"count":0,"href":"http:\/\/fmdelpueblo.ar\/index.php?rest_route=\/wp\/v2\/posts\/51372\/revisions"}],"wp:attachment":[{"href":"http:\/\/fmdelpueblo.ar\/index.php?rest_route=%2Fwp%2Fv2%2Fmedia&parent=51372"}],"wp:term":[{"taxonomy":"category","embeddable":true,"href":"http:\/\/fmdelpueblo.ar\/index.php?rest_route=%2Fwp%2Fv2%2Fcategories&post=51372"},{"taxonomy":"post_tag","embeddable":true,"href":"http:\/\/fmdelpueblo.ar\/index.php?rest_route=%2Fwp%2Fv2%2Ftags&post=51372"}],"curies":[{"name":"wp","href":"https:\/\/api.w.org\/{rel}","templated":true}]}}