{"id":51368,"date":"2026-09-03T21:09:06","date_gmt":"2026-09-04T00:09:06","guid":{"rendered":"https:\/\/fmdelpueblo.ar\/?p=51368"},"modified":"2026-09-03T21:09:06","modified_gmt":"2026-09-04T00:09:06","slug":"honduras-confirma-que-washington-descarta-la-extension-del-tps-para-connacionales-en-eeuu","status":"publish","type":"post","link":"http:\/\/fmdelpueblo.ar\/?p=51368","title":{"rendered":"Honduras confirma que Washington descarta la extensi\u00f3n del TPS para connacionales en EEUU"},"content":{"rendered":"<p>Estados Unidos rechaz\u00f3 extender el TPS para hondure\u00f1os, afectando a miles de migrantes. Honduras implementa un plan para facilitar retornos. La canciller hondure\u00f1a enfatiz\u00f3 que la decisi\u00f3n no implica un retorno masivo inmediato ni un impacto grave en las remesas.<\/p>","protected":false},"excerpt":{"rendered":"<p>Estados Unidos rechaz\u00f3 extender el TPS para hondure\u00f1os, afectando a miles de migrantes. Honduras implementa un plan para facilitar retornos. La canciller hondure\u00f1a enfatiz\u00f3 que la decisi\u00f3n no implica un retorno masivo inmediato ni un impacto grave en las remesas.<\/p>\n","protected":false},"author":0,"featured_media":0,"comment_status":"","ping_status":"","sticky":false,"template":"","format":"standard","meta":{"footnotes":""},"categories":[1],"tags":[],"class_list":["post-51368","post","type-post","status-publish","format-standard","has-post-thumbnail","hentry","category-sin-categoria"],"_links":{"self":[{"href":"http:\/\/fmdelpueblo.ar\/index.php?rest_route=\/wp\/v2\/posts\/51368","targetHints":{"allow":["GET"]}}],"collection":[{"href":"http:\/\/fmdelpueblo.ar\/index.php?rest_route=\/wp\/v2\/posts"}],"about":[{"href":"http:\/\/fmdelpueblo.ar\/index.php?rest_route=\/wp\/v2\/types\/post"}],"replies":[{"embeddable":true,"href":"http:\/\/fmdelpueblo.ar\/index.php?rest_route=%2Fwp%2Fv2%2Fcomments&post=51368"}],"version-history":[{"count":0,"href":"http:\/\/fmdelpueblo.ar\/index.php?rest_route=\/wp\/v2\/posts\/51368\/revisions"}],"wp:attachment":[{"href":"http:\/\/fmdelpueblo.ar\/index.php?rest_route=%2Fwp%2Fv2%2Fmedia&parent=51368"}],"wp:term":[{"taxonomy":"category","embeddable":true,"href":"http:\/\/fmdelpueblo.ar\/index.php?rest_route=%2Fwp%2Fv2%2Fcategories&post=51368"},{"taxonomy":"post_tag","embeddable":true,"href":"http:\/\/fmdelpueblo.ar\/index.php?rest_route=%2Fwp%2Fv2%2Ftags&post=51368"}],"curies":[{"name":"wp","href":"https:\/\/api.w.org\/{rel}","templated":true}]}}