{"id":51348,"date":"2026-09-03T18:09:40","date_gmt":"2026-09-03T21:09:40","guid":{"rendered":"https:\/\/fmdelpueblo.ar\/?p=51348"},"modified":"2026-09-03T18:09:40","modified_gmt":"2026-09-03T21:09:40","slug":"un-polemico-ministro-israeli-presento-un-plan-para-vaciar-gaza-de-sus-habitantes-y-enviarlos-al-extranjero","status":"publish","type":"post","link":"http:\/\/fmdelpueblo.ar\/?p=51348","title":{"rendered":"Un pol\u00e9mico ministro israel\u00ed present\u00f3 un plan para vaciar Gaza de sus habitantes y enviarlos al extranjero"},"content":{"rendered":"<p>Se trata del titular Seguridad Nacional, Itamar Ben Gvir, un aliado clave del premier Netanyahu.El objetivo es que salgan de la Franja unas 250.000 personas en el primer a\u00f1o, 1,11 millones en tres a\u00f1os y 1,86 millones en siete a\u00f1os.<\/p>","protected":false},"excerpt":{"rendered":"<p>Se trata del titular Seguridad Nacional, Itamar Ben Gvir, un aliado clave del premier Netanyahu.El objetivo es que salgan de la Franja unas 250.000 personas en el primer a\u00f1o, 1,11 millones en tres a\u00f1os y 1,86 millones en siete a\u00f1os.<\/p>\n","protected":false},"author":0,"featured_media":0,"comment_status":"","ping_status":"","sticky":false,"template":"","format":"standard","meta":{"footnotes":""},"categories":[1],"tags":[],"class_list":["post-51348","post","type-post","status-publish","format-standard","has-post-thumbnail","hentry","category-sin-categoria"],"_links":{"self":[{"href":"http:\/\/fmdelpueblo.ar\/index.php?rest_route=\/wp\/v2\/posts\/51348","targetHints":{"allow":["GET"]}}],"collection":[{"href":"http:\/\/fmdelpueblo.ar\/index.php?rest_route=\/wp\/v2\/posts"}],"about":[{"href":"http:\/\/fmdelpueblo.ar\/index.php?rest_route=\/wp\/v2\/types\/post"}],"replies":[{"embeddable":true,"href":"http:\/\/fmdelpueblo.ar\/index.php?rest_route=%2Fwp%2Fv2%2Fcomments&post=51348"}],"version-history":[{"count":0,"href":"http:\/\/fmdelpueblo.ar\/index.php?rest_route=\/wp\/v2\/posts\/51348\/revisions"}],"wp:attachment":[{"href":"http:\/\/fmdelpueblo.ar\/index.php?rest_route=%2Fwp%2Fv2%2Fmedia&parent=51348"}],"wp:term":[{"taxonomy":"category","embeddable":true,"href":"http:\/\/fmdelpueblo.ar\/index.php?rest_route=%2Fwp%2Fv2%2Fcategories&post=51348"},{"taxonomy":"post_tag","embeddable":true,"href":"http:\/\/fmdelpueblo.ar\/index.php?rest_route=%2Fwp%2Fv2%2Ftags&post=51348"}],"curies":[{"name":"wp","href":"https:\/\/api.w.org\/{rel}","templated":true}]}}