{"id":51347,"date":"2026-09-03T18:09:40","date_gmt":"2026-09-03T21:09:40","guid":{"rendered":"https:\/\/fmdelpueblo.ar\/?p=51347"},"modified":"2026-09-03T18:09:40","modified_gmt":"2026-09-03T21:09:40","slug":"la-sala-de-3-sera-obligatoria-en-los-jardines-de-infantes-de-la-ciudad-los-plazos-y-la-incidencia-de-la-baja-de-la-natalidad","status":"publish","type":"post","link":"http:\/\/fmdelpueblo.ar\/?p=51347","title":{"rendered":"La sala de 3 ser\u00e1 obligatoria en los jardines de infantes de la Ciudad: los plazos y la incidencia de la baja de la natalidad"},"content":{"rendered":"<p>La Legislatura porte\u00f1a vot\u00f3 una ley que tendr\u00e1 vigencia desde enero de 2027.Las cifras y los argumentos. <\/p>","protected":false},"excerpt":{"rendered":"<p>La Legislatura porte\u00f1a vot\u00f3 una ley que tendr\u00e1 vigencia desde enero de 2027.Las cifras y los argumentos.<\/p>\n","protected":false},"author":0,"featured_media":0,"comment_status":"","ping_status":"","sticky":false,"template":"","format":"standard","meta":{"footnotes":""},"categories":[1],"tags":[],"class_list":["post-51347","post","type-post","status-publish","format-standard","has-post-thumbnail","hentry","category-sin-categoria"],"_links":{"self":[{"href":"http:\/\/fmdelpueblo.ar\/index.php?rest_route=\/wp\/v2\/posts\/51347","targetHints":{"allow":["GET"]}}],"collection":[{"href":"http:\/\/fmdelpueblo.ar\/index.php?rest_route=\/wp\/v2\/posts"}],"about":[{"href":"http:\/\/fmdelpueblo.ar\/index.php?rest_route=\/wp\/v2\/types\/post"}],"replies":[{"embeddable":true,"href":"http:\/\/fmdelpueblo.ar\/index.php?rest_route=%2Fwp%2Fv2%2Fcomments&post=51347"}],"version-history":[{"count":0,"href":"http:\/\/fmdelpueblo.ar\/index.php?rest_route=\/wp\/v2\/posts\/51347\/revisions"}],"wp:attachment":[{"href":"http:\/\/fmdelpueblo.ar\/index.php?rest_route=%2Fwp%2Fv2%2Fmedia&parent=51347"}],"wp:term":[{"taxonomy":"category","embeddable":true,"href":"http:\/\/fmdelpueblo.ar\/index.php?rest_route=%2Fwp%2Fv2%2Fcategories&post=51347"},{"taxonomy":"post_tag","embeddable":true,"href":"http:\/\/fmdelpueblo.ar\/index.php?rest_route=%2Fwp%2Fv2%2Ftags&post=51347"}],"curies":[{"name":"wp","href":"https:\/\/api.w.org\/{rel}","templated":true}]}}