{"id":51345,"date":"2026-09-03T18:09:38","date_gmt":"2026-09-03T21:09:38","guid":{"rendered":"https:\/\/fmdelpueblo.ar\/?p=51345"},"modified":"2026-09-03T18:09:38","modified_gmt":"2026-09-03T21:09:38","slug":"acuerdan-la-apertura-de-una-ruta-maritima-desde-chile-a-las-islas-malvinas-para-la-explotacion-petrolera","status":"publish","type":"post","link":"http:\/\/fmdelpueblo.ar\/?p=51345","title":{"rendered":"Acuerdan la apertura de una ruta mar\u00edtima desde Chile a las islas Malvinas para la explotaci\u00f3n petrolera"},"content":{"rendered":"<p>Una naviera del vecino pa\u00eds avanza con la implementaci\u00f3n de una ruta comercial que unir\u00e1 Punta Arenas y el puerto de las Malvinas.El negocio por el petr\u00f3leo de las islas.<\/p>","protected":false},"excerpt":{"rendered":"<p>Una naviera del vecino pa\u00eds avanza con la implementaci\u00f3n de una ruta comercial que unir\u00e1 Punta Arenas y el puerto de las Malvinas.El negocio por el petr\u00f3leo de las islas.<\/p>\n","protected":false},"author":0,"featured_media":0,"comment_status":"","ping_status":"","sticky":false,"template":"","format":"standard","meta":{"footnotes":""},"categories":[1],"tags":[],"class_list":["post-51345","post","type-post","status-publish","format-standard","has-post-thumbnail","hentry","category-sin-categoria"],"_links":{"self":[{"href":"http:\/\/fmdelpueblo.ar\/index.php?rest_route=\/wp\/v2\/posts\/51345","targetHints":{"allow":["GET"]}}],"collection":[{"href":"http:\/\/fmdelpueblo.ar\/index.php?rest_route=\/wp\/v2\/posts"}],"about":[{"href":"http:\/\/fmdelpueblo.ar\/index.php?rest_route=\/wp\/v2\/types\/post"}],"replies":[{"embeddable":true,"href":"http:\/\/fmdelpueblo.ar\/index.php?rest_route=%2Fwp%2Fv2%2Fcomments&post=51345"}],"version-history":[{"count":0,"href":"http:\/\/fmdelpueblo.ar\/index.php?rest_route=\/wp\/v2\/posts\/51345\/revisions"}],"wp:attachment":[{"href":"http:\/\/fmdelpueblo.ar\/index.php?rest_route=%2Fwp%2Fv2%2Fmedia&parent=51345"}],"wp:term":[{"taxonomy":"category","embeddable":true,"href":"http:\/\/fmdelpueblo.ar\/index.php?rest_route=%2Fwp%2Fv2%2Fcategories&post=51345"},{"taxonomy":"post_tag","embeddable":true,"href":"http:\/\/fmdelpueblo.ar\/index.php?rest_route=%2Fwp%2Fv2%2Ftags&post=51345"}],"curies":[{"name":"wp","href":"https:\/\/api.w.org\/{rel}","templated":true}]}}