{"id":51343,"date":"2026-09-03T18:09:37","date_gmt":"2026-09-03T21:09:37","guid":{"rendered":"https:\/\/fmdelpueblo.ar\/?p=51343"},"modified":"2026-09-03T18:09:37","modified_gmt":"2026-09-03T21:09:37","slug":"el-presidente-convoco-a-todo-el-gabinete-para-grabar-el-mensaje-sobre-malvinas-que-dara-en-cadena-nacional","status":"publish","type":"post","link":"http:\/\/fmdelpueblo.ar\/?p=51343","title":{"rendered":"El Presidente convoc\u00f3 a todo el Gabinete para grabar el mensaje sobre Malvinas que dar\u00e1 en cadena nacional"},"content":{"rendered":"<p>Se dar\u00e1 a conocer a las 21 y el Gobienro mantiene el hermetismo sobre el contenido del discurso.<\/p>","protected":false},"excerpt":{"rendered":"<p>Se dar\u00e1 a conocer a las 21 y el Gobienro mantiene el hermetismo sobre el contenido del discurso.<\/p>\n","protected":false},"author":0,"featured_media":0,"comment_status":"","ping_status":"","sticky":false,"template":"","format":"standard","meta":{"footnotes":""},"categories":[1],"tags":[],"class_list":["post-51343","post","type-post","status-publish","format-standard","has-post-thumbnail","hentry","category-sin-categoria"],"_links":{"self":[{"href":"http:\/\/fmdelpueblo.ar\/index.php?rest_route=\/wp\/v2\/posts\/51343","targetHints":{"allow":["GET"]}}],"collection":[{"href":"http:\/\/fmdelpueblo.ar\/index.php?rest_route=\/wp\/v2\/posts"}],"about":[{"href":"http:\/\/fmdelpueblo.ar\/index.php?rest_route=\/wp\/v2\/types\/post"}],"replies":[{"embeddable":true,"href":"http:\/\/fmdelpueblo.ar\/index.php?rest_route=%2Fwp%2Fv2%2Fcomments&post=51343"}],"version-history":[{"count":0,"href":"http:\/\/fmdelpueblo.ar\/index.php?rest_route=\/wp\/v2\/posts\/51343\/revisions"}],"wp:attachment":[{"href":"http:\/\/fmdelpueblo.ar\/index.php?rest_route=%2Fwp%2Fv2%2Fmedia&parent=51343"}],"wp:term":[{"taxonomy":"category","embeddable":true,"href":"http:\/\/fmdelpueblo.ar\/index.php?rest_route=%2Fwp%2Fv2%2Fcategories&post=51343"},{"taxonomy":"post_tag","embeddable":true,"href":"http:\/\/fmdelpueblo.ar\/index.php?rest_route=%2Fwp%2Fv2%2Ftags&post=51343"}],"curies":[{"name":"wp","href":"https:\/\/api.w.org\/{rel}","templated":true}]}}