{"id":51339,"date":"2026-09-03T17:09:09","date_gmt":"2026-09-03T20:09:09","guid":{"rendered":"http:\/\/fmdelpueblo.ar\/?p=51339"},"modified":"2026-09-03T17:09:09","modified_gmt":"2026-09-03T20:09:09","slug":"estados-unidos-podria-exigir-un-nuevo-requisito-migratorio-a-los-padres-para-tramitar-el-pasaporte-de-sus-hijos","status":"publish","type":"post","link":"http:\/\/fmdelpueblo.ar\/?p=51339","title":{"rendered":"Estados Unidos podr\u00eda exigir un nuevo requisito migratorio a los padres para tramitar el pasaporte de sus hijos"},"content":{"rendered":"<p>La medida todav\u00eda no est\u00e1 vigente y est\u00e1 vinculada con la nueva orden de Donald Trump sobre ciudadan\u00eda por nacimiento.<\/p>","protected":false},"excerpt":{"rendered":"<p>La medida todav\u00eda no est\u00e1 vigente y est\u00e1 vinculada con la nueva orden de Donald Trump sobre ciudadan\u00eda por nacimiento.<\/p>\n","protected":false},"author":0,"featured_media":0,"comment_status":"","ping_status":"","sticky":false,"template":"","format":"standard","meta":{"footnotes":""},"categories":[1],"tags":[],"class_list":["post-51339","post","type-post","status-publish","format-standard","has-post-thumbnail","hentry","category-sin-categoria"],"_links":{"self":[{"href":"http:\/\/fmdelpueblo.ar\/index.php?rest_route=\/wp\/v2\/posts\/51339","targetHints":{"allow":["GET"]}}],"collection":[{"href":"http:\/\/fmdelpueblo.ar\/index.php?rest_route=\/wp\/v2\/posts"}],"about":[{"href":"http:\/\/fmdelpueblo.ar\/index.php?rest_route=\/wp\/v2\/types\/post"}],"replies":[{"embeddable":true,"href":"http:\/\/fmdelpueblo.ar\/index.php?rest_route=%2Fwp%2Fv2%2Fcomments&post=51339"}],"version-history":[{"count":0,"href":"http:\/\/fmdelpueblo.ar\/index.php?rest_route=\/wp\/v2\/posts\/51339\/revisions"}],"wp:attachment":[{"href":"http:\/\/fmdelpueblo.ar\/index.php?rest_route=%2Fwp%2Fv2%2Fmedia&parent=51339"}],"wp:term":[{"taxonomy":"category","embeddable":true,"href":"http:\/\/fmdelpueblo.ar\/index.php?rest_route=%2Fwp%2Fv2%2Fcategories&post=51339"},{"taxonomy":"post_tag","embeddable":true,"href":"http:\/\/fmdelpueblo.ar\/index.php?rest_route=%2Fwp%2Fv2%2Ftags&post=51339"}],"curies":[{"name":"wp","href":"https:\/\/api.w.org\/{rel}","templated":true}]}}