{"id":51332,"date":"2026-09-03T17:09:04","date_gmt":"2026-09-03T20:09:04","guid":{"rendered":"http:\/\/fmdelpueblo.ar\/?p=51332"},"modified":"2026-09-03T17:09:04","modified_gmt":"2026-09-03T20:09:04","slug":"ama-amoedo-expone-en-la-boca-la-pintura-es-el-medio-que-mas-me-desafia-y-moviliza","status":"publish","type":"post","link":"http:\/\/fmdelpueblo.ar\/?p=51332","title":{"rendered":"Ama Amoedo expone en La Boca: \u201cLa pintura es el medio que m\u00e1s me desaf\u00eda y moviliza\u201d"},"content":{"rendered":"<p>La nueva muestra de Ama Amoedo recupera una pr\u00e1ctica que la acompa\u00f1a desde sus comienzos. Entre Dos lunas transforma las sensaciones asociadas al patinaje sobre hielo en l\u00edneas sinuosas y composiciones abstractas. El proyecto tambi\u00e9n incluye una publicaci\u00f3n con poemas y rituales vinculados con los ciclos, la naturaleza y el cuidado.<\/p>","protected":false},"excerpt":{"rendered":"<p>La nueva muestra de Ama Amoedo recupera una pr\u00e1ctica que la acompa\u00f1a desde sus comienzos. Entre Dos lunas transforma las sensaciones asociadas al patinaje sobre hielo en l\u00edneas sinuosas y composiciones abstractas. El proyecto tambi\u00e9n incluye una publicaci\u00f3n con poemas y rituales vinculados con los ciclos, la naturaleza y el cuidado.<\/p>\n","protected":false},"author":0,"featured_media":0,"comment_status":"","ping_status":"","sticky":false,"template":"","format":"standard","meta":{"footnotes":""},"categories":[1],"tags":[],"class_list":["post-51332","post","type-post","status-publish","format-standard","has-post-thumbnail","hentry","category-sin-categoria"],"_links":{"self":[{"href":"http:\/\/fmdelpueblo.ar\/index.php?rest_route=\/wp\/v2\/posts\/51332","targetHints":{"allow":["GET"]}}],"collection":[{"href":"http:\/\/fmdelpueblo.ar\/index.php?rest_route=\/wp\/v2\/posts"}],"about":[{"href":"http:\/\/fmdelpueblo.ar\/index.php?rest_route=\/wp\/v2\/types\/post"}],"replies":[{"embeddable":true,"href":"http:\/\/fmdelpueblo.ar\/index.php?rest_route=%2Fwp%2Fv2%2Fcomments&post=51332"}],"version-history":[{"count":0,"href":"http:\/\/fmdelpueblo.ar\/index.php?rest_route=\/wp\/v2\/posts\/51332\/revisions"}],"wp:attachment":[{"href":"http:\/\/fmdelpueblo.ar\/index.php?rest_route=%2Fwp%2Fv2%2Fmedia&parent=51332"}],"wp:term":[{"taxonomy":"category","embeddable":true,"href":"http:\/\/fmdelpueblo.ar\/index.php?rest_route=%2Fwp%2Fv2%2Fcategories&post=51332"},{"taxonomy":"post_tag","embeddable":true,"href":"http:\/\/fmdelpueblo.ar\/index.php?rest_route=%2Fwp%2Fv2%2Ftags&post=51332"}],"curies":[{"name":"wp","href":"https:\/\/api.w.org\/{rel}","templated":true}]}}