{"id":51314,"date":"2026-09-03T15:08:54","date_gmt":"2026-09-03T18:08:54","guid":{"rendered":"http:\/\/fmdelpueblo.ar\/?p=51314"},"modified":"2026-09-03T15:08:54","modified_gmt":"2026-09-03T18:08:54","slug":"la-psicologia-dice-que-los-ninos-de-los-60-y-70-no-eran-mas-fuertes-por-la-crianza-sino-por-el-abandono-cotidiano-que-vivian-jugaban-en-la-calle-iban-solos-a-la-escuela-y-resolvian-pequenos-problem","status":"publish","type":"post","link":"http:\/\/fmdelpueblo.ar\/?p=51314","title":{"rendered":"La psicolog\u00eda dice que los ni\u00f1os de los 60 y 70 no eran m\u00e1s fuertes por la crianza, sino por el abandono cotidiano que viv\u00edan: jugaban en la calle, iban solos a la escuela y resolv\u00edan peque\u00f1os problemas"},"content":{"rendered":"<p>La infancia de esas d\u00e9cadas estuvo marcada por una mayor libertad y menos supervisi\u00f3n adulta.<\/p>","protected":false},"excerpt":{"rendered":"<p>La infancia de esas d\u00e9cadas estuvo marcada por una mayor libertad y menos supervisi\u00f3n adulta.<\/p>\n","protected":false},"author":0,"featured_media":0,"comment_status":"","ping_status":"","sticky":false,"template":"","format":"standard","meta":{"footnotes":""},"categories":[1],"tags":[],"class_list":["post-51314","post","type-post","status-publish","format-standard","has-post-thumbnail","hentry","category-sin-categoria"],"_links":{"self":[{"href":"http:\/\/fmdelpueblo.ar\/index.php?rest_route=\/wp\/v2\/posts\/51314","targetHints":{"allow":["GET"]}}],"collection":[{"href":"http:\/\/fmdelpueblo.ar\/index.php?rest_route=\/wp\/v2\/posts"}],"about":[{"href":"http:\/\/fmdelpueblo.ar\/index.php?rest_route=\/wp\/v2\/types\/post"}],"replies":[{"embeddable":true,"href":"http:\/\/fmdelpueblo.ar\/index.php?rest_route=%2Fwp%2Fv2%2Fcomments&post=51314"}],"version-history":[{"count":0,"href":"http:\/\/fmdelpueblo.ar\/index.php?rest_route=\/wp\/v2\/posts\/51314\/revisions"}],"wp:attachment":[{"href":"http:\/\/fmdelpueblo.ar\/index.php?rest_route=%2Fwp%2Fv2%2Fmedia&parent=51314"}],"wp:term":[{"taxonomy":"category","embeddable":true,"href":"http:\/\/fmdelpueblo.ar\/index.php?rest_route=%2Fwp%2Fv2%2Fcategories&post=51314"},{"taxonomy":"post_tag","embeddable":true,"href":"http:\/\/fmdelpueblo.ar\/index.php?rest_route=%2Fwp%2Fv2%2Ftags&post=51314"}],"curies":[{"name":"wp","href":"https:\/\/api.w.org\/{rel}","templated":true}]}}