{"id":51302,"date":"2026-09-03T13:09:01","date_gmt":"2026-09-03T16:09:01","guid":{"rendered":"https:\/\/fmdelpueblo.ar\/?p=51302"},"modified":"2026-09-03T13:09:01","modified_gmt":"2026-09-03T16:09:01","slug":"los-jovenes-que-se-incorporen-al-servicio-militar-voluntario-pueden-cobrar-un-sueldo-tener-obra-social-y-capacitarse-en-un-oficio","status":"publish","type":"post","link":"http:\/\/fmdelpueblo.ar\/?p=51302","title":{"rendered":"Los j\u00f3venes que se incorporen al Servicio Militar Voluntario pueden cobrar un sueldo, tener obra social y capacitarse en un oficio"},"content":{"rendered":"<p>La incorporaci\u00f3n permite acceder a un sueldo mensual, cobertura de salud, aportes y capacitaci\u00f3n para el trabajo.El r\u00e9gimen est\u00e1 destinado a j\u00f3venes que cumplan las condiciones de ingreso establecidas por las Fuerzas Armadas.<\/p>","protected":false},"excerpt":{"rendered":"<p>La incorporaci\u00f3n permite acceder a un sueldo mensual, cobertura de salud, aportes y capacitaci\u00f3n para el trabajo.El r\u00e9gimen est\u00e1 destinado a j\u00f3venes que cumplan las condiciones de ingreso establecidas por las Fuerzas Armadas.<\/p>\n","protected":false},"author":0,"featured_media":0,"comment_status":"","ping_status":"","sticky":false,"template":"","format":"standard","meta":{"footnotes":""},"categories":[1],"tags":[],"class_list":["post-51302","post","type-post","status-publish","format-standard","has-post-thumbnail","hentry","category-sin-categoria"],"_links":{"self":[{"href":"http:\/\/fmdelpueblo.ar\/index.php?rest_route=\/wp\/v2\/posts\/51302","targetHints":{"allow":["GET"]}}],"collection":[{"href":"http:\/\/fmdelpueblo.ar\/index.php?rest_route=\/wp\/v2\/posts"}],"about":[{"href":"http:\/\/fmdelpueblo.ar\/index.php?rest_route=\/wp\/v2\/types\/post"}],"replies":[{"embeddable":true,"href":"http:\/\/fmdelpueblo.ar\/index.php?rest_route=%2Fwp%2Fv2%2Fcomments&post=51302"}],"version-history":[{"count":0,"href":"http:\/\/fmdelpueblo.ar\/index.php?rest_route=\/wp\/v2\/posts\/51302\/revisions"}],"wp:attachment":[{"href":"http:\/\/fmdelpueblo.ar\/index.php?rest_route=%2Fwp%2Fv2%2Fmedia&parent=51302"}],"wp:term":[{"taxonomy":"category","embeddable":true,"href":"http:\/\/fmdelpueblo.ar\/index.php?rest_route=%2Fwp%2Fv2%2Fcategories&post=51302"},{"taxonomy":"post_tag","embeddable":true,"href":"http:\/\/fmdelpueblo.ar\/index.php?rest_route=%2Fwp%2Fv2%2Ftags&post=51302"}],"curies":[{"name":"wp","href":"https:\/\/api.w.org\/{rel}","templated":true}]}}