{"id":51300,"date":"2026-09-03T13:08:59","date_gmt":"2026-09-03T16:08:59","guid":{"rendered":"https:\/\/fmdelpueblo.ar\/?p=51300"},"modified":"2026-09-03T13:08:59","modified_gmt":"2026-09-03T16:08:59","slug":"quien-es-el-argentino-detenido-por-masacrar-a-una-familia-en-mexico-la-idea-es-morir-joven-lo-mas-tarde-posible","status":"publish","type":"post","link":"http:\/\/fmdelpueblo.ar\/?p=51300","title":{"rendered":"Qui\u00e9n es el argentino detenido por masacrar a una familia en M\u00e9xico: \u00abLa idea es morir joven&#8230; lo m\u00e1s tarde posible\u00bb"},"content":{"rendered":"<p>El argentino Diego Sebasti\u00e1n Rosen (51) est\u00e1 detenido en M\u00e9xico como principal acusado de los homicidios del m\u00fasico Jonathan \u00abHonas\u00bb Mel\u00e9ndez Ochoa (38) y su familia, ocurridos la noche del martes.Nacionalizado mexicano, vino a la Argentina por \u00faltima vez en 2020. Su \u00fanico rastro visible aqu\u00ed es un domicilio fiscal.<\/p>","protected":false},"excerpt":{"rendered":"<p>El argentino Diego Sebasti\u00e1n Rosen (51) est\u00e1 detenido en M\u00e9xico como principal acusado de los homicidios del m\u00fasico Jonathan \u00abHonas\u00bb Mel\u00e9ndez Ochoa (38) y su familia, ocurridos la noche del martes.Nacionalizado mexicano, vino a la Argentina por \u00faltima vez en 2020. Su \u00fanico rastro visible aqu\u00ed es un domicilio fiscal.<\/p>\n","protected":false},"author":0,"featured_media":0,"comment_status":"","ping_status":"","sticky":false,"template":"","format":"standard","meta":{"footnotes":""},"categories":[1],"tags":[],"class_list":["post-51300","post","type-post","status-publish","format-standard","has-post-thumbnail","hentry","category-sin-categoria"],"_links":{"self":[{"href":"http:\/\/fmdelpueblo.ar\/index.php?rest_route=\/wp\/v2\/posts\/51300","targetHints":{"allow":["GET"]}}],"collection":[{"href":"http:\/\/fmdelpueblo.ar\/index.php?rest_route=\/wp\/v2\/posts"}],"about":[{"href":"http:\/\/fmdelpueblo.ar\/index.php?rest_route=\/wp\/v2\/types\/post"}],"replies":[{"embeddable":true,"href":"http:\/\/fmdelpueblo.ar\/index.php?rest_route=%2Fwp%2Fv2%2Fcomments&post=51300"}],"version-history":[{"count":0,"href":"http:\/\/fmdelpueblo.ar\/index.php?rest_route=\/wp\/v2\/posts\/51300\/revisions"}],"wp:attachment":[{"href":"http:\/\/fmdelpueblo.ar\/index.php?rest_route=%2Fwp%2Fv2%2Fmedia&parent=51300"}],"wp:term":[{"taxonomy":"category","embeddable":true,"href":"http:\/\/fmdelpueblo.ar\/index.php?rest_route=%2Fwp%2Fv2%2Fcategories&post=51300"},{"taxonomy":"post_tag","embeddable":true,"href":"http:\/\/fmdelpueblo.ar\/index.php?rest_route=%2Fwp%2Fv2%2Ftags&post=51300"}],"curies":[{"name":"wp","href":"https:\/\/api.w.org\/{rel}","templated":true}]}}