{"id":51299,"date":"2026-09-03T13:08:58","date_gmt":"2026-09-03T16:08:58","guid":{"rendered":"https:\/\/fmdelpueblo.ar\/?p=51299"},"modified":"2026-09-03T13:08:58","modified_gmt":"2026-09-03T16:08:58","slug":"los-expertos-sobre-el-proximo-eclipse-solar-en-espana-sera-uno-de-los-eclipses-totales-mas-largos-del-siglo","status":"publish","type":"post","link":"http:\/\/fmdelpueblo.ar\/?p=51299","title":{"rendered":"Los expertos, sobre el pr\u00f3ximo eclipse solar en Espa\u00f1a: \u00abSer\u00e1 uno de los eclipses totales m\u00e1s largos del siglo\u00bb"},"content":{"rendered":"<p>El pr\u00f3ximo eclipse solar total que podr\u00e1 verse en Espa\u00f1a ya tiene fecha: estas ser\u00e1n las zonas privilegiadas.<\/p>","protected":false},"excerpt":{"rendered":"<p>El pr\u00f3ximo eclipse solar total que podr\u00e1 verse en Espa\u00f1a ya tiene fecha: estas ser\u00e1n las zonas privilegiadas.<\/p>\n","protected":false},"author":0,"featured_media":0,"comment_status":"","ping_status":"","sticky":false,"template":"","format":"standard","meta":{"footnotes":""},"categories":[1],"tags":[],"class_list":["post-51299","post","type-post","status-publish","format-standard","has-post-thumbnail","hentry","category-sin-categoria"],"_links":{"self":[{"href":"http:\/\/fmdelpueblo.ar\/index.php?rest_route=\/wp\/v2\/posts\/51299","targetHints":{"allow":["GET"]}}],"collection":[{"href":"http:\/\/fmdelpueblo.ar\/index.php?rest_route=\/wp\/v2\/posts"}],"about":[{"href":"http:\/\/fmdelpueblo.ar\/index.php?rest_route=\/wp\/v2\/types\/post"}],"replies":[{"embeddable":true,"href":"http:\/\/fmdelpueblo.ar\/index.php?rest_route=%2Fwp%2Fv2%2Fcomments&post=51299"}],"version-history":[{"count":0,"href":"http:\/\/fmdelpueblo.ar\/index.php?rest_route=\/wp\/v2\/posts\/51299\/revisions"}],"wp:attachment":[{"href":"http:\/\/fmdelpueblo.ar\/index.php?rest_route=%2Fwp%2Fv2%2Fmedia&parent=51299"}],"wp:term":[{"taxonomy":"category","embeddable":true,"href":"http:\/\/fmdelpueblo.ar\/index.php?rest_route=%2Fwp%2Fv2%2Fcategories&post=51299"},{"taxonomy":"post_tag","embeddable":true,"href":"http:\/\/fmdelpueblo.ar\/index.php?rest_route=%2Fwp%2Fv2%2Ftags&post=51299"}],"curies":[{"name":"wp","href":"https:\/\/api.w.org\/{rel}","templated":true}]}}