{"id":51292,"date":"2026-09-03T12:09:05","date_gmt":"2026-09-03T15:09:05","guid":{"rendered":"http:\/\/fmdelpueblo.ar\/?p=51292"},"modified":"2026-09-03T12:09:05","modified_gmt":"2026-09-03T15:09:05","slug":"el-cartografo-argentino-que-guia-a-la-nasa-en-una-mision-espacial-a-jupiter","status":"publish","type":"post","link":"http:\/\/fmdelpueblo.ar\/?p=51292","title":{"rendered":"El cart\u00f3grafo argentino que gu\u00eda a la NASA en una misi\u00f3n espacial a J\u00fapiter"},"content":{"rendered":"<p>Patricio Figueredo es de Castelar y mape\u00f3 la historia geol\u00f3gica de Europa, una de las lunas de ese planeta.La misi\u00f3n del Europa Clipper, con destino al astro, utiliza sus trabajos para orientarse en la expedici\u00f3n.<\/p>","protected":false},"excerpt":{"rendered":"<p>Patricio Figueredo es de Castelar y mape\u00f3 la historia geol\u00f3gica de Europa, una de las lunas de ese planeta.La misi\u00f3n del Europa Clipper, con destino al astro, utiliza sus trabajos para orientarse en la expedici\u00f3n.<\/p>\n","protected":false},"author":0,"featured_media":0,"comment_status":"","ping_status":"","sticky":false,"template":"","format":"standard","meta":{"footnotes":""},"categories":[1],"tags":[],"class_list":["post-51292","post","type-post","status-publish","format-standard","has-post-thumbnail","hentry","category-sin-categoria"],"_links":{"self":[{"href":"http:\/\/fmdelpueblo.ar\/index.php?rest_route=\/wp\/v2\/posts\/51292","targetHints":{"allow":["GET"]}}],"collection":[{"href":"http:\/\/fmdelpueblo.ar\/index.php?rest_route=\/wp\/v2\/posts"}],"about":[{"href":"http:\/\/fmdelpueblo.ar\/index.php?rest_route=\/wp\/v2\/types\/post"}],"replies":[{"embeddable":true,"href":"http:\/\/fmdelpueblo.ar\/index.php?rest_route=%2Fwp%2Fv2%2Fcomments&post=51292"}],"version-history":[{"count":0,"href":"http:\/\/fmdelpueblo.ar\/index.php?rest_route=\/wp\/v2\/posts\/51292\/revisions"}],"wp:attachment":[{"href":"http:\/\/fmdelpueblo.ar\/index.php?rest_route=%2Fwp%2Fv2%2Fmedia&parent=51292"}],"wp:term":[{"taxonomy":"category","embeddable":true,"href":"http:\/\/fmdelpueblo.ar\/index.php?rest_route=%2Fwp%2Fv2%2Fcategories&post=51292"},{"taxonomy":"post_tag","embeddable":true,"href":"http:\/\/fmdelpueblo.ar\/index.php?rest_route=%2Fwp%2Fv2%2Ftags&post=51292"}],"curies":[{"name":"wp","href":"https:\/\/api.w.org\/{rel}","templated":true}]}}