{"id":51291,"date":"2026-09-03T12:09:04","date_gmt":"2026-09-03T15:09:04","guid":{"rendered":"http:\/\/fmdelpueblo.ar\/?p=51291"},"modified":"2026-09-03T12:09:04","modified_gmt":"2026-09-03T15:09:04","slug":"el-filosofo-espanol-de-95-anos-y-su-secreto-para-mantener-una-vida-plena-llevarlo-todo-a-la-perfeccion-es-imposible","status":"publish","type":"post","link":"http:\/\/fmdelpueblo.ar\/?p=51291","title":{"rendered":"El fil\u00f3sofo espa\u00f1ol de 95 a\u00f1os y su secreto para mantener una vida plena: \u201cLlevarlo todo a la perfecci\u00f3n es imposible\u201d"},"content":{"rendered":"<p>Federico Lanzaco tambi\u00e9n resalta el papel esencial de la espiritualidad vinculada a una conexi\u00f3n profunda con nosotros mismos.<\/p>","protected":false},"excerpt":{"rendered":"<p>Federico Lanzaco tambi\u00e9n resalta el papel esencial de la espiritualidad vinculada a una conexi\u00f3n profunda con nosotros mismos.<\/p>\n","protected":false},"author":0,"featured_media":0,"comment_status":"","ping_status":"","sticky":false,"template":"","format":"standard","meta":{"footnotes":""},"categories":[1],"tags":[],"class_list":["post-51291","post","type-post","status-publish","format-standard","has-post-thumbnail","hentry","category-sin-categoria"],"_links":{"self":[{"href":"http:\/\/fmdelpueblo.ar\/index.php?rest_route=\/wp\/v2\/posts\/51291","targetHints":{"allow":["GET"]}}],"collection":[{"href":"http:\/\/fmdelpueblo.ar\/index.php?rest_route=\/wp\/v2\/posts"}],"about":[{"href":"http:\/\/fmdelpueblo.ar\/index.php?rest_route=\/wp\/v2\/types\/post"}],"replies":[{"embeddable":true,"href":"http:\/\/fmdelpueblo.ar\/index.php?rest_route=%2Fwp%2Fv2%2Fcomments&post=51291"}],"version-history":[{"count":0,"href":"http:\/\/fmdelpueblo.ar\/index.php?rest_route=\/wp\/v2\/posts\/51291\/revisions"}],"wp:attachment":[{"href":"http:\/\/fmdelpueblo.ar\/index.php?rest_route=%2Fwp%2Fv2%2Fmedia&parent=51291"}],"wp:term":[{"taxonomy":"category","embeddable":true,"href":"http:\/\/fmdelpueblo.ar\/index.php?rest_route=%2Fwp%2Fv2%2Fcategories&post=51291"},{"taxonomy":"post_tag","embeddable":true,"href":"http:\/\/fmdelpueblo.ar\/index.php?rest_route=%2Fwp%2Fv2%2Ftags&post=51291"}],"curies":[{"name":"wp","href":"https:\/\/api.w.org\/{rel}","templated":true}]}}