{"id":51289,"date":"2026-09-03T12:09:02","date_gmt":"2026-09-03T15:09:02","guid":{"rendered":"http:\/\/fmdelpueblo.ar\/?p=51289"},"modified":"2026-09-03T12:09:02","modified_gmt":"2026-09-03T15:09:02","slug":"empleadas-domesticas-el-gobierno-oficializa-como-seran-los-aumentos-y-el-bono-especial-hasta-diciembre-2026","status":"publish","type":"post","link":"http:\/\/fmdelpueblo.ar\/?p=51289","title":{"rendered":"Empleadas dom\u00e9sticas: el Gobierno oficializa c\u00f3mo ser\u00e1n los aumentos y el bono especial hasta diciembre 2026"},"content":{"rendered":"<p>Aunque reci\u00e9n se publica ahora, la nueva escala arranc\u00f3 en agosto y establece subas para todos los meses hasta fin de a\u00f1o.Adem\u00e1s, se paga una suma no remunerativa que se incorporar\u00e1 al salario b\u00e1sico en tres etapas.<\/p>","protected":false},"excerpt":{"rendered":"<p>Aunque reci\u00e9n se publica ahora, la nueva escala arranc\u00f3 en agosto y establece subas para todos los meses hasta fin de a\u00f1o.Adem\u00e1s, se paga una suma no remunerativa que se incorporar\u00e1 al salario b\u00e1sico en tres etapas.<\/p>\n","protected":false},"author":0,"featured_media":0,"comment_status":"","ping_status":"","sticky":false,"template":"","format":"standard","meta":{"footnotes":""},"categories":[1],"tags":[],"class_list":["post-51289","post","type-post","status-publish","format-standard","has-post-thumbnail","hentry","category-sin-categoria"],"_links":{"self":[{"href":"http:\/\/fmdelpueblo.ar\/index.php?rest_route=\/wp\/v2\/posts\/51289","targetHints":{"allow":["GET"]}}],"collection":[{"href":"http:\/\/fmdelpueblo.ar\/index.php?rest_route=\/wp\/v2\/posts"}],"about":[{"href":"http:\/\/fmdelpueblo.ar\/index.php?rest_route=\/wp\/v2\/types\/post"}],"replies":[{"embeddable":true,"href":"http:\/\/fmdelpueblo.ar\/index.php?rest_route=%2Fwp%2Fv2%2Fcomments&post=51289"}],"version-history":[{"count":0,"href":"http:\/\/fmdelpueblo.ar\/index.php?rest_route=\/wp\/v2\/posts\/51289\/revisions"}],"wp:attachment":[{"href":"http:\/\/fmdelpueblo.ar\/index.php?rest_route=%2Fwp%2Fv2%2Fmedia&parent=51289"}],"wp:term":[{"taxonomy":"category","embeddable":true,"href":"http:\/\/fmdelpueblo.ar\/index.php?rest_route=%2Fwp%2Fv2%2Fcategories&post=51289"},{"taxonomy":"post_tag","embeddable":true,"href":"http:\/\/fmdelpueblo.ar\/index.php?rest_route=%2Fwp%2Fv2%2Ftags&post=51289"}],"curies":[{"name":"wp","href":"https:\/\/api.w.org\/{rel}","templated":true}]}}