{"id":51287,"date":"2026-09-03T12:09:00","date_gmt":"2026-09-03T15:09:00","guid":{"rendered":"http:\/\/fmdelpueblo.ar\/?p=51287"},"modified":"2026-09-03T12:09:00","modified_gmt":"2026-09-03T15:09:00","slug":"revelaron-la-causa-de-muerte-de-tim-curry-el-inolvidable-pennywise-de-it-y-protagonista-de-the-rocky-horror-show","status":"publish","type":"post","link":"http:\/\/fmdelpueblo.ar\/?p=51287","title":{"rendered":"Revelaron la causa de muerte de Tim Curry, el inolvidable Pennywise de It y protagonista de The Rocky Horror Show"},"content":{"rendered":"<p>El actor brit\u00e1nico muri\u00f3 el 25 de agosto a los 80 a\u00f1os en su casa de Los \u00c1ngeles.El certificado de defunci\u00f3n tambi\u00e9n da cuenta de enfermedades que hab\u00eda sufrido a\u00f1os atr\u00e1s y que contribuyeron a su fallecimiento.<\/p>","protected":false},"excerpt":{"rendered":"<p>El actor brit\u00e1nico muri\u00f3 el 25 de agosto a los 80 a\u00f1os en su casa de Los \u00c1ngeles.El certificado de defunci\u00f3n tambi\u00e9n da cuenta de enfermedades que hab\u00eda sufrido a\u00f1os atr\u00e1s y que contribuyeron a su fallecimiento.<\/p>\n","protected":false},"author":0,"featured_media":0,"comment_status":"","ping_status":"","sticky":false,"template":"","format":"standard","meta":{"footnotes":""},"categories":[1],"tags":[],"class_list":["post-51287","post","type-post","status-publish","format-standard","has-post-thumbnail","hentry","category-sin-categoria"],"_links":{"self":[{"href":"http:\/\/fmdelpueblo.ar\/index.php?rest_route=\/wp\/v2\/posts\/51287","targetHints":{"allow":["GET"]}}],"collection":[{"href":"http:\/\/fmdelpueblo.ar\/index.php?rest_route=\/wp\/v2\/posts"}],"about":[{"href":"http:\/\/fmdelpueblo.ar\/index.php?rest_route=\/wp\/v2\/types\/post"}],"replies":[{"embeddable":true,"href":"http:\/\/fmdelpueblo.ar\/index.php?rest_route=%2Fwp%2Fv2%2Fcomments&post=51287"}],"version-history":[{"count":0,"href":"http:\/\/fmdelpueblo.ar\/index.php?rest_route=\/wp\/v2\/posts\/51287\/revisions"}],"wp:attachment":[{"href":"http:\/\/fmdelpueblo.ar\/index.php?rest_route=%2Fwp%2Fv2%2Fmedia&parent=51287"}],"wp:term":[{"taxonomy":"category","embeddable":true,"href":"http:\/\/fmdelpueblo.ar\/index.php?rest_route=%2Fwp%2Fv2%2Fcategories&post=51287"},{"taxonomy":"post_tag","embeddable":true,"href":"http:\/\/fmdelpueblo.ar\/index.php?rest_route=%2Fwp%2Fv2%2Ftags&post=51287"}],"curies":[{"name":"wp","href":"https:\/\/api.w.org\/{rel}","templated":true}]}}