{"id":51286,"date":"2026-09-03T12:09:00","date_gmt":"2026-09-03T15:09:00","guid":{"rendered":"http:\/\/fmdelpueblo.ar\/?p=51286"},"modified":"2026-09-03T12:09:00","modified_gmt":"2026-09-03T15:09:00","slug":"la-psicologia-dice-que-las-personas-sonambulas-no-solo-experimentan-estos-deambulares-nocturnos-por-trastornos-del-sueno-sino-que-puede-ser-una-senal-de-alerta-vinculada-con-antecedentes-familiares","status":"publish","type":"post","link":"http:\/\/fmdelpueblo.ar\/?p=51286","title":{"rendered":"La psicolog\u00eda dice que las personas son\u00e1mbulas no solo experimentan estos deambulares nocturnos por trastornos del sue\u00f1o, sino que puede ser una se\u00f1al de alerta vinculada con antecedentes familiares"},"content":{"rendered":"<p>Aunque suele asociarse con la infancia, una investigaci\u00f3n revel\u00f3 que millones de adultos en Estados Unidos tuvieron episodios de sonambulismo.<\/p>","protected":false},"excerpt":{"rendered":"<p>Aunque suele asociarse con la infancia, una investigaci\u00f3n revel\u00f3 que millones de adultos en Estados Unidos tuvieron episodios de sonambulismo.<\/p>\n","protected":false},"author":0,"featured_media":0,"comment_status":"","ping_status":"","sticky":false,"template":"","format":"standard","meta":{"footnotes":""},"categories":[1],"tags":[],"class_list":["post-51286","post","type-post","status-publish","format-standard","has-post-thumbnail","hentry","category-sin-categoria"],"_links":{"self":[{"href":"http:\/\/fmdelpueblo.ar\/index.php?rest_route=\/wp\/v2\/posts\/51286","targetHints":{"allow":["GET"]}}],"collection":[{"href":"http:\/\/fmdelpueblo.ar\/index.php?rest_route=\/wp\/v2\/posts"}],"about":[{"href":"http:\/\/fmdelpueblo.ar\/index.php?rest_route=\/wp\/v2\/types\/post"}],"replies":[{"embeddable":true,"href":"http:\/\/fmdelpueblo.ar\/index.php?rest_route=%2Fwp%2Fv2%2Fcomments&post=51286"}],"version-history":[{"count":0,"href":"http:\/\/fmdelpueblo.ar\/index.php?rest_route=\/wp\/v2\/posts\/51286\/revisions"}],"wp:attachment":[{"href":"http:\/\/fmdelpueblo.ar\/index.php?rest_route=%2Fwp%2Fv2%2Fmedia&parent=51286"}],"wp:term":[{"taxonomy":"category","embeddable":true,"href":"http:\/\/fmdelpueblo.ar\/index.php?rest_route=%2Fwp%2Fv2%2Fcategories&post=51286"},{"taxonomy":"post_tag","embeddable":true,"href":"http:\/\/fmdelpueblo.ar\/index.php?rest_route=%2Fwp%2Fv2%2Ftags&post=51286"}],"curies":[{"name":"wp","href":"https:\/\/api.w.org\/{rel}","templated":true}]}}