{"id":51281,"date":"2026-09-03T11:09:02","date_gmt":"2026-09-03T14:09:02","guid":{"rendered":"http:\/\/fmdelpueblo.ar\/?p=51281"},"modified":"2026-09-03T11:09:02","modified_gmt":"2026-09-03T14:09:02","slug":"con-citas-a-freud-y-la-mitologia-griega-horacio-rosatti-exhorto-a-buscar-respuestas-propias-sin-el-uso-de-la-inteligencia-artificial","status":"publish","type":"post","link":"http:\/\/fmdelpueblo.ar\/?p=51281","title":{"rendered":"Con citas a Freud y la mitolog\u00eda griega, Horacio Rosatti exhort\u00f3 a buscar \u00abrespuestas propias\u00bb sin el uso de la Inteligencia Artificial"},"content":{"rendered":"<p>El presidente de la Corte disert\u00f3 como orador principal del evento anual que organiza la Asociaci\u00f3n Mutual Israelita Argentina (AMIA) en v\u00edsperas de Rosh Hashan\u00e1, el A\u00f1o Nuevo jud\u00edo. Durante la ceremonia, el Gran Rabino Eliahu Hamra y el titular de la AMIA, Osvaldo Armoza, le entregaron al ministro de la Corte el Premio AMIA, simbolizado por un shofar.<\/p>","protected":false},"excerpt":{"rendered":"<p>El presidente de la Corte disert\u00f3 como orador principal del evento anual que organiza la Asociaci\u00f3n Mutual Israelita Argentina (AMIA) en v\u00edsperas de Rosh Hashan\u00e1, el A\u00f1o Nuevo jud\u00edo. Durante la ceremonia, el Gran Rabino Eliahu Hamra y el titular de la AMIA, Osvaldo Armoza, le entregaron al ministro de la Corte el Premio AMIA, [&hellip;]<\/p>\n","protected":false},"author":0,"featured_media":0,"comment_status":"","ping_status":"","sticky":false,"template":"","format":"standard","meta":{"footnotes":""},"categories":[1],"tags":[],"class_list":["post-51281","post","type-post","status-publish","format-standard","has-post-thumbnail","hentry","category-sin-categoria"],"_links":{"self":[{"href":"http:\/\/fmdelpueblo.ar\/index.php?rest_route=\/wp\/v2\/posts\/51281","targetHints":{"allow":["GET"]}}],"collection":[{"href":"http:\/\/fmdelpueblo.ar\/index.php?rest_route=\/wp\/v2\/posts"}],"about":[{"href":"http:\/\/fmdelpueblo.ar\/index.php?rest_route=\/wp\/v2\/types\/post"}],"replies":[{"embeddable":true,"href":"http:\/\/fmdelpueblo.ar\/index.php?rest_route=%2Fwp%2Fv2%2Fcomments&post=51281"}],"version-history":[{"count":0,"href":"http:\/\/fmdelpueblo.ar\/index.php?rest_route=\/wp\/v2\/posts\/51281\/revisions"}],"wp:attachment":[{"href":"http:\/\/fmdelpueblo.ar\/index.php?rest_route=%2Fwp%2Fv2%2Fmedia&parent=51281"}],"wp:term":[{"taxonomy":"category","embeddable":true,"href":"http:\/\/fmdelpueblo.ar\/index.php?rest_route=%2Fwp%2Fv2%2Fcategories&post=51281"},{"taxonomy":"post_tag","embeddable":true,"href":"http:\/\/fmdelpueblo.ar\/index.php?rest_route=%2Fwp%2Fv2%2Ftags&post=51281"}],"curies":[{"name":"wp","href":"https:\/\/api.w.org\/{rel}","templated":true}]}}