{"id":51280,"date":"2026-09-03T11:09:01","date_gmt":"2026-09-03T14:09:01","guid":{"rendered":"http:\/\/fmdelpueblo.ar\/?p=51280"},"modified":"2026-09-03T11:09:01","modified_gmt":"2026-09-03T14:09:01","slug":"de-el-eternauta-a-las-nuevas-voces-vuelve-este-fin-de-semana-el-festival-de-historieta-fah","status":"publish","type":"post","link":"http:\/\/fmdelpueblo.ar\/?p=51280","title":{"rendered":"De El Eternauta a las nuevas voces: vuelve este fin de semana el Festival de Historieta \u00a1FAH!"},"content":{"rendered":"<p>La tercera edici\u00f3n del Festival Argentino de Historieta llega al Rojas con una programaci\u00f3n que cruza la historieta con otras disciplinas.Enrique Breccia ser\u00e1 una de las figuras centrales, con una muestra de originales de <em>El Sue\u00f1ero<\/em>. El encuentro tambi\u00e9n contar\u00e1 con invitados internacionales y propuestas sobre IA, redes, feminismo y nuevas formas de narraci\u00f3n.<\/p>","protected":false},"excerpt":{"rendered":"<p>La tercera edici\u00f3n del Festival Argentino de Historieta llega al Rojas con una programaci\u00f3n que cruza la historieta con otras disciplinas.Enrique Breccia ser\u00e1 una de las figuras centrales, con una muestra de originales de El Sue\u00f1ero. El encuentro tambi\u00e9n contar\u00e1 con invitados internacionales y propuestas sobre IA, redes, feminismo y nuevas formas de narraci\u00f3n.<\/p>\n","protected":false},"author":0,"featured_media":0,"comment_status":"","ping_status":"","sticky":false,"template":"","format":"standard","meta":{"footnotes":""},"categories":[1],"tags":[],"class_list":["post-51280","post","type-post","status-publish","format-standard","has-post-thumbnail","hentry","category-sin-categoria"],"_links":{"self":[{"href":"http:\/\/fmdelpueblo.ar\/index.php?rest_route=\/wp\/v2\/posts\/51280","targetHints":{"allow":["GET"]}}],"collection":[{"href":"http:\/\/fmdelpueblo.ar\/index.php?rest_route=\/wp\/v2\/posts"}],"about":[{"href":"http:\/\/fmdelpueblo.ar\/index.php?rest_route=\/wp\/v2\/types\/post"}],"replies":[{"embeddable":true,"href":"http:\/\/fmdelpueblo.ar\/index.php?rest_route=%2Fwp%2Fv2%2Fcomments&post=51280"}],"version-history":[{"count":0,"href":"http:\/\/fmdelpueblo.ar\/index.php?rest_route=\/wp\/v2\/posts\/51280\/revisions"}],"wp:attachment":[{"href":"http:\/\/fmdelpueblo.ar\/index.php?rest_route=%2Fwp%2Fv2%2Fmedia&parent=51280"}],"wp:term":[{"taxonomy":"category","embeddable":true,"href":"http:\/\/fmdelpueblo.ar\/index.php?rest_route=%2Fwp%2Fv2%2Fcategories&post=51280"},{"taxonomy":"post_tag","embeddable":true,"href":"http:\/\/fmdelpueblo.ar\/index.php?rest_route=%2Fwp%2Fv2%2Ftags&post=51280"}],"curies":[{"name":"wp","href":"https:\/\/api.w.org\/{rel}","templated":true}]}}