{"id":51278,"date":"2026-09-03T11:08:59","date_gmt":"2026-09-03T14:08:59","guid":{"rendered":"http:\/\/fmdelpueblo.ar\/?p=51278"},"modified":"2026-09-03T11:08:59","modified_gmt":"2026-09-03T14:08:59","slug":"un-exfuncionario-de-la-procuracion-tenia-que-declarar-en-un-caso-de-corrupcion-k-y-aparecio-muerto-en-la-calle","status":"publish","type":"post","link":"http:\/\/fmdelpueblo.ar\/?p=51278","title":{"rendered":"Un exfuncionario de la Procuraci\u00f3n ten\u00eda que declarar en un caso de corrupci\u00f3n K y apareci\u00f3 muerto en la calle"},"content":{"rendered":"<p>Guillermo Bellingi, exsubdirector general de la Procuraci\u00f3n General de la Naci\u00f3n en la gesti\u00f3n de Gils Carb\u00f3, estaba imputado y ten\u00eda que declarar en un juicio.Apareci\u00f3 muerto en la calle de una cuchillada e investigan un supuesto suicidio.<\/p>","protected":false},"excerpt":{"rendered":"<p>Guillermo Bellingi, exsubdirector general de la Procuraci\u00f3n General de la Naci\u00f3n en la gesti\u00f3n de Gils Carb\u00f3, estaba imputado y ten\u00eda que declarar en un juicio.Apareci\u00f3 muerto en la calle de una cuchillada e investigan un supuesto suicidio.<\/p>\n","protected":false},"author":0,"featured_media":0,"comment_status":"","ping_status":"","sticky":false,"template":"","format":"standard","meta":{"footnotes":""},"categories":[1],"tags":[],"class_list":["post-51278","post","type-post","status-publish","format-standard","has-post-thumbnail","hentry","category-sin-categoria"],"_links":{"self":[{"href":"http:\/\/fmdelpueblo.ar\/index.php?rest_route=\/wp\/v2\/posts\/51278","targetHints":{"allow":["GET"]}}],"collection":[{"href":"http:\/\/fmdelpueblo.ar\/index.php?rest_route=\/wp\/v2\/posts"}],"about":[{"href":"http:\/\/fmdelpueblo.ar\/index.php?rest_route=\/wp\/v2\/types\/post"}],"replies":[{"embeddable":true,"href":"http:\/\/fmdelpueblo.ar\/index.php?rest_route=%2Fwp%2Fv2%2Fcomments&post=51278"}],"version-history":[{"count":0,"href":"http:\/\/fmdelpueblo.ar\/index.php?rest_route=\/wp\/v2\/posts\/51278\/revisions"}],"wp:attachment":[{"href":"http:\/\/fmdelpueblo.ar\/index.php?rest_route=%2Fwp%2Fv2%2Fmedia&parent=51278"}],"wp:term":[{"taxonomy":"category","embeddable":true,"href":"http:\/\/fmdelpueblo.ar\/index.php?rest_route=%2Fwp%2Fv2%2Fcategories&post=51278"},{"taxonomy":"post_tag","embeddable":true,"href":"http:\/\/fmdelpueblo.ar\/index.php?rest_route=%2Fwp%2Fv2%2Ftags&post=51278"}],"curies":[{"name":"wp","href":"https:\/\/api.w.org\/{rel}","templated":true}]}}