{"id":51277,"date":"2026-09-03T11:08:59","date_gmt":"2026-09-03T14:08:59","guid":{"rendered":"http:\/\/fmdelpueblo.ar\/?p=51277"},"modified":"2026-09-03T11:08:59","modified_gmt":"2026-09-03T14:08:59","slug":"quien-era-jonathan-melendez-el-musico-al-que-asesinaron-junto-a-toda-su-familia-en-la-masacre-de-mexico","status":"publish","type":"post","link":"http:\/\/fmdelpueblo.ar\/?p=51277","title":{"rendered":"Qui\u00e9n era Jonathan Mel\u00e9ndez, el m\u00fasico al que asesinaron junto a toda su familia en la masacre de M\u00e9xico"},"content":{"rendered":"<p>Se desempe\u00f1aba como tecladista en una conocida banda de rock mexicana.El brutal episodio en el que fallecieron \u00e9l, su esposa embarazada, su hija de 3 a\u00f1os y su empleada dom\u00e9stica, y en el que habr\u00eda estado involucrado un argentino.<\/p>","protected":false},"excerpt":{"rendered":"<p>Se desempe\u00f1aba como tecladista en una conocida banda de rock mexicana.El brutal episodio en el que fallecieron \u00e9l, su esposa embarazada, su hija de 3 a\u00f1os y su empleada dom\u00e9stica, y en el que habr\u00eda estado involucrado un argentino.<\/p>\n","protected":false},"author":0,"featured_media":0,"comment_status":"","ping_status":"","sticky":false,"template":"","format":"standard","meta":{"footnotes":""},"categories":[1],"tags":[],"class_list":["post-51277","post","type-post","status-publish","format-standard","has-post-thumbnail","hentry","category-sin-categoria"],"_links":{"self":[{"href":"http:\/\/fmdelpueblo.ar\/index.php?rest_route=\/wp\/v2\/posts\/51277","targetHints":{"allow":["GET"]}}],"collection":[{"href":"http:\/\/fmdelpueblo.ar\/index.php?rest_route=\/wp\/v2\/posts"}],"about":[{"href":"http:\/\/fmdelpueblo.ar\/index.php?rest_route=\/wp\/v2\/types\/post"}],"replies":[{"embeddable":true,"href":"http:\/\/fmdelpueblo.ar\/index.php?rest_route=%2Fwp%2Fv2%2Fcomments&post=51277"}],"version-history":[{"count":0,"href":"http:\/\/fmdelpueblo.ar\/index.php?rest_route=\/wp\/v2\/posts\/51277\/revisions"}],"wp:attachment":[{"href":"http:\/\/fmdelpueblo.ar\/index.php?rest_route=%2Fwp%2Fv2%2Fmedia&parent=51277"}],"wp:term":[{"taxonomy":"category","embeddable":true,"href":"http:\/\/fmdelpueblo.ar\/index.php?rest_route=%2Fwp%2Fv2%2Fcategories&post=51277"},{"taxonomy":"post_tag","embeddable":true,"href":"http:\/\/fmdelpueblo.ar\/index.php?rest_route=%2Fwp%2Fv2%2Ftags&post=51277"}],"curies":[{"name":"wp","href":"https:\/\/api.w.org\/{rel}","templated":true}]}}