{"id":51275,"date":"2026-09-03T11:08:57","date_gmt":"2026-09-03T14:08:57","guid":{"rendered":"http:\/\/fmdelpueblo.ar\/?p=51275"},"modified":"2026-09-03T11:08:57","modified_gmt":"2026-09-03T14:08:57","slug":"por-la-visita-del-papa-leon-xiv-arteba-adelanta-una-semana-la-feria-2026","status":"publish","type":"post","link":"http:\/\/fmdelpueblo.ar\/?p=51275","title":{"rendered":"Por la visita del Papa Le\u00f3n XIV, arteba adelanta una semana la feria 2026"},"content":{"rendered":"<p>La feria de arte contempor\u00e1neo confirm\u00f3 que se desarrollar\u00e1 del viernes 30 de octubre al domingo 1 de noviembre. Se debe al operativo de seguridad por la visita de Le\u00f3n XIV, que dejaba a la zona de La Rural inaccesible en la fecha anterior. arteba celebra 35 a\u00f1os, consolidada como el evento central de la escena local. <\/p>","protected":false},"excerpt":{"rendered":"<p>La feria de arte contempor\u00e1neo confirm\u00f3 que se desarrollar\u00e1 del viernes 30 de octubre al domingo 1 de noviembre. Se debe al operativo de seguridad por la visita de Le\u00f3n XIV, que dejaba a la zona de La Rural inaccesible en la fecha anterior. arteba celebra 35 a\u00f1os, consolidada como el evento central de la [&hellip;]<\/p>\n","protected":false},"author":0,"featured_media":0,"comment_status":"","ping_status":"","sticky":false,"template":"","format":"standard","meta":{"footnotes":""},"categories":[1],"tags":[],"class_list":["post-51275","post","type-post","status-publish","format-standard","has-post-thumbnail","hentry","category-sin-categoria"],"_links":{"self":[{"href":"http:\/\/fmdelpueblo.ar\/index.php?rest_route=\/wp\/v2\/posts\/51275","targetHints":{"allow":["GET"]}}],"collection":[{"href":"http:\/\/fmdelpueblo.ar\/index.php?rest_route=\/wp\/v2\/posts"}],"about":[{"href":"http:\/\/fmdelpueblo.ar\/index.php?rest_route=\/wp\/v2\/types\/post"}],"replies":[{"embeddable":true,"href":"http:\/\/fmdelpueblo.ar\/index.php?rest_route=%2Fwp%2Fv2%2Fcomments&post=51275"}],"version-history":[{"count":0,"href":"http:\/\/fmdelpueblo.ar\/index.php?rest_route=\/wp\/v2\/posts\/51275\/revisions"}],"wp:attachment":[{"href":"http:\/\/fmdelpueblo.ar\/index.php?rest_route=%2Fwp%2Fv2%2Fmedia&parent=51275"}],"wp:term":[{"taxonomy":"category","embeddable":true,"href":"http:\/\/fmdelpueblo.ar\/index.php?rest_route=%2Fwp%2Fv2%2Fcategories&post=51275"},{"taxonomy":"post_tag","embeddable":true,"href":"http:\/\/fmdelpueblo.ar\/index.php?rest_route=%2Fwp%2Fv2%2Ftags&post=51275"}],"curies":[{"name":"wp","href":"https:\/\/api.w.org\/{rel}","templated":true}]}}