{"id":51247,"date":"2026-09-03T08:09:05","date_gmt":"2026-09-03T11:09:05","guid":{"rendered":"http:\/\/fmdelpueblo.ar\/?p=51247"},"modified":"2026-09-03T08:09:05","modified_gmt":"2026-09-03T11:09:05","slug":"las-moscas-del-artico-estan-invadiendo-las-cuevas-de-la-antartida-y-amenazan-echar-a-los-pinguinos","status":"publish","type":"post","link":"http:\/\/fmdelpueblo.ar\/?p=51247","title":{"rendered":"Las moscas del \u00c1rtico est\u00e1n invadiendo las cuevas de la Ant\u00e1rtida y amenazan echar a los ping\u00fcinos"},"content":{"rendered":"<p>Llegaron a bordo de barcos tur\u00edsticos, cient\u00edficos y militares.Sus larvas est\u00e1n asentadas en cavernas, cerca de ping\u00fcineras.<\/p>","protected":false},"excerpt":{"rendered":"<p>Llegaron a bordo de barcos tur\u00edsticos, cient\u00edficos y militares.Sus larvas est\u00e1n asentadas en cavernas, cerca de ping\u00fcineras.<\/p>\n","protected":false},"author":0,"featured_media":0,"comment_status":"","ping_status":"","sticky":false,"template":"","format":"standard","meta":{"footnotes":""},"categories":[1],"tags":[],"class_list":["post-51247","post","type-post","status-publish","format-standard","has-post-thumbnail","hentry","category-sin-categoria"],"_links":{"self":[{"href":"http:\/\/fmdelpueblo.ar\/index.php?rest_route=\/wp\/v2\/posts\/51247","targetHints":{"allow":["GET"]}}],"collection":[{"href":"http:\/\/fmdelpueblo.ar\/index.php?rest_route=\/wp\/v2\/posts"}],"about":[{"href":"http:\/\/fmdelpueblo.ar\/index.php?rest_route=\/wp\/v2\/types\/post"}],"replies":[{"embeddable":true,"href":"http:\/\/fmdelpueblo.ar\/index.php?rest_route=%2Fwp%2Fv2%2Fcomments&post=51247"}],"version-history":[{"count":0,"href":"http:\/\/fmdelpueblo.ar\/index.php?rest_route=\/wp\/v2\/posts\/51247\/revisions"}],"wp:attachment":[{"href":"http:\/\/fmdelpueblo.ar\/index.php?rest_route=%2Fwp%2Fv2%2Fmedia&parent=51247"}],"wp:term":[{"taxonomy":"category","embeddable":true,"href":"http:\/\/fmdelpueblo.ar\/index.php?rest_route=%2Fwp%2Fv2%2Fcategories&post=51247"},{"taxonomy":"post_tag","embeddable":true,"href":"http:\/\/fmdelpueblo.ar\/index.php?rest_route=%2Fwp%2Fv2%2Ftags&post=51247"}],"curies":[{"name":"wp","href":"https:\/\/api.w.org\/{rel}","templated":true}]}}