{"id":51245,"date":"2026-09-03T08:09:04","date_gmt":"2026-09-03T11:09:04","guid":{"rendered":"http:\/\/fmdelpueblo.ar\/?p=51245"},"modified":"2026-09-03T08:09:04","modified_gmt":"2026-09-03T11:09:04","slug":"nacio-la-decimoquinta-cria-de-camilla-la-hipopotama-mas-vieja-de-europa","status":"publish","type":"post","link":"http:\/\/fmdelpueblo.ar\/?p=51245","title":{"rendered":"Naci\u00f3 la decimoquinta cr\u00eda de Camilla, la hipop\u00f3tama m\u00e1s vieja de Europa"},"content":{"rendered":"<p>Camilla dio a luz a su decimoquinta cr\u00eda a los casi 55 a\u00f1os, una edad r\u00e9cord para esta especie.La madre, de 2.500 kilos, y la cr\u00eda, de 50, conviven con su grupo y con una manada de ant\u00edlopes nyala. <\/p>","protected":false},"excerpt":{"rendered":"<p>Camilla dio a luz a su decimoquinta cr\u00eda a los casi 55 a\u00f1os, una edad r\u00e9cord para esta especie.La madre, de 2.500 kilos, y la cr\u00eda, de 50, conviven con su grupo y con una manada de ant\u00edlopes nyala.<\/p>\n","protected":false},"author":0,"featured_media":0,"comment_status":"","ping_status":"","sticky":false,"template":"","format":"standard","meta":{"footnotes":""},"categories":[1],"tags":[],"class_list":["post-51245","post","type-post","status-publish","format-standard","has-post-thumbnail","hentry","category-sin-categoria"],"_links":{"self":[{"href":"http:\/\/fmdelpueblo.ar\/index.php?rest_route=\/wp\/v2\/posts\/51245","targetHints":{"allow":["GET"]}}],"collection":[{"href":"http:\/\/fmdelpueblo.ar\/index.php?rest_route=\/wp\/v2\/posts"}],"about":[{"href":"http:\/\/fmdelpueblo.ar\/index.php?rest_route=\/wp\/v2\/types\/post"}],"replies":[{"embeddable":true,"href":"http:\/\/fmdelpueblo.ar\/index.php?rest_route=%2Fwp%2Fv2%2Fcomments&post=51245"}],"version-history":[{"count":0,"href":"http:\/\/fmdelpueblo.ar\/index.php?rest_route=\/wp\/v2\/posts\/51245\/revisions"}],"wp:attachment":[{"href":"http:\/\/fmdelpueblo.ar\/index.php?rest_route=%2Fwp%2Fv2%2Fmedia&parent=51245"}],"wp:term":[{"taxonomy":"category","embeddable":true,"href":"http:\/\/fmdelpueblo.ar\/index.php?rest_route=%2Fwp%2Fv2%2Fcategories&post=51245"},{"taxonomy":"post_tag","embeddable":true,"href":"http:\/\/fmdelpueblo.ar\/index.php?rest_route=%2Fwp%2Fv2%2Ftags&post=51245"}],"curies":[{"name":"wp","href":"https:\/\/api.w.org\/{rel}","templated":true}]}}