{"id":51232,"date":"2026-09-03T06:09:13","date_gmt":"2026-09-03T09:09:13","guid":{"rendered":"http:\/\/fmdelpueblo.ar\/?p=51232"},"modified":"2026-09-03T06:09:13","modified_gmt":"2026-09-03T09:09:13","slug":"asi-fue-el-primer-recital-de-tini-stoessel-tras-el-conflicto-familiar-emocion-cambios-en-el-repertorio-y-un-mensaje-especial-para-de-paul","status":"publish","type":"post","link":"http:\/\/fmdelpueblo.ar\/?p=51232","title":{"rendered":"As\u00ed fue el primer recital de Tini Stoessel tras el conflicto familiar: emoci\u00f3n, cambios en el repertorio y un mensaje especial para De Paul"},"content":{"rendered":"<p>La cantante no hizo referencia directa a la pol\u00e9mica con su padre, Alejandro Stoessel, pero s\u00ed sentenci\u00f3: \u00abEstoy m\u00e1s firme que nunca\u00bb.Mencion\u00f3 a sus amigas y al \u00abamor de su vida\u00bb, el futbolista campe\u00f3n del mundo con la Selecci\u00f3n en 2022.<\/p>","protected":false},"excerpt":{"rendered":"<p>La cantante no hizo referencia directa a la pol\u00e9mica con su padre, Alejandro Stoessel, pero s\u00ed sentenci\u00f3: \u00abEstoy m\u00e1s firme que nunca\u00bb.Mencion\u00f3 a sus amigas y al \u00abamor de su vida\u00bb, el futbolista campe\u00f3n del mundo con la Selecci\u00f3n en 2022.<\/p>\n","protected":false},"author":0,"featured_media":0,"comment_status":"","ping_status":"","sticky":false,"template":"","format":"standard","meta":{"footnotes":""},"categories":[1],"tags":[],"class_list":["post-51232","post","type-post","status-publish","format-standard","has-post-thumbnail","hentry","category-sin-categoria"],"_links":{"self":[{"href":"http:\/\/fmdelpueblo.ar\/index.php?rest_route=\/wp\/v2\/posts\/51232","targetHints":{"allow":["GET"]}}],"collection":[{"href":"http:\/\/fmdelpueblo.ar\/index.php?rest_route=\/wp\/v2\/posts"}],"about":[{"href":"http:\/\/fmdelpueblo.ar\/index.php?rest_route=\/wp\/v2\/types\/post"}],"replies":[{"embeddable":true,"href":"http:\/\/fmdelpueblo.ar\/index.php?rest_route=%2Fwp%2Fv2%2Fcomments&post=51232"}],"version-history":[{"count":0,"href":"http:\/\/fmdelpueblo.ar\/index.php?rest_route=\/wp\/v2\/posts\/51232\/revisions"}],"wp:attachment":[{"href":"http:\/\/fmdelpueblo.ar\/index.php?rest_route=%2Fwp%2Fv2%2Fmedia&parent=51232"}],"wp:term":[{"taxonomy":"category","embeddable":true,"href":"http:\/\/fmdelpueblo.ar\/index.php?rest_route=%2Fwp%2Fv2%2Fcategories&post=51232"},{"taxonomy":"post_tag","embeddable":true,"href":"http:\/\/fmdelpueblo.ar\/index.php?rest_route=%2Fwp%2Fv2%2Ftags&post=51232"}],"curies":[{"name":"wp","href":"https:\/\/api.w.org\/{rel}","templated":true}]}}