{"id":51229,"date":"2026-09-03T06:09:11","date_gmt":"2026-09-03T09:09:11","guid":{"rendered":"http:\/\/fmdelpueblo.ar\/?p=51229"},"modified":"2026-09-03T06:09:11","modified_gmt":"2026-09-03T09:09:11","slug":"barreda-el-femicida-que-la-ficcion-vuelve-a-poner-en-el-banquillo","status":"publish","type":"post","link":"http:\/\/fmdelpueblo.ar\/?p=51229","title":{"rendered":"\u00abBarreda\u00bb, el femicida que la ficci\u00f3n vuelve a poner en el banquillo"},"content":{"rendered":"<p>La pel\u00edcula de Daniela Goggi, estrenada en Prime, reconstruye los cr\u00edmenes de 1992 y los mecanismos que convirtieron a Ricardo Barreda, entre la fascinaci\u00f3n popular y el relato medi\u00e1tico, en una figura inc\u00f3moda del imaginario argentino.<\/p>","protected":false},"excerpt":{"rendered":"<p>La pel\u00edcula de Daniela Goggi, estrenada en Prime, reconstruye los cr\u00edmenes de 1992 y los mecanismos que convirtieron a Ricardo Barreda, entre la fascinaci\u00f3n popular y el relato medi\u00e1tico, en una figura inc\u00f3moda del imaginario argentino.<\/p>\n","protected":false},"author":0,"featured_media":0,"comment_status":"","ping_status":"","sticky":false,"template":"","format":"standard","meta":{"footnotes":""},"categories":[1],"tags":[],"class_list":["post-51229","post","type-post","status-publish","format-standard","has-post-thumbnail","hentry","category-sin-categoria"],"_links":{"self":[{"href":"http:\/\/fmdelpueblo.ar\/index.php?rest_route=\/wp\/v2\/posts\/51229","targetHints":{"allow":["GET"]}}],"collection":[{"href":"http:\/\/fmdelpueblo.ar\/index.php?rest_route=\/wp\/v2\/posts"}],"about":[{"href":"http:\/\/fmdelpueblo.ar\/index.php?rest_route=\/wp\/v2\/types\/post"}],"replies":[{"embeddable":true,"href":"http:\/\/fmdelpueblo.ar\/index.php?rest_route=%2Fwp%2Fv2%2Fcomments&post=51229"}],"version-history":[{"count":0,"href":"http:\/\/fmdelpueblo.ar\/index.php?rest_route=\/wp\/v2\/posts\/51229\/revisions"}],"wp:attachment":[{"href":"http:\/\/fmdelpueblo.ar\/index.php?rest_route=%2Fwp%2Fv2%2Fmedia&parent=51229"}],"wp:term":[{"taxonomy":"category","embeddable":true,"href":"http:\/\/fmdelpueblo.ar\/index.php?rest_route=%2Fwp%2Fv2%2Fcategories&post=51229"},{"taxonomy":"post_tag","embeddable":true,"href":"http:\/\/fmdelpueblo.ar\/index.php?rest_route=%2Fwp%2Fv2%2Ftags&post=51229"}],"curies":[{"name":"wp","href":"https:\/\/api.w.org\/{rel}","templated":true}]}}