{"id":51212,"date":"2026-09-03T03:08:58","date_gmt":"2026-09-03T06:08:58","guid":{"rendered":"https:\/\/fmdelpueblo.ar\/?p=51212"},"modified":"2026-09-03T03:08:58","modified_gmt":"2026-09-03T06:08:58","slug":"quien-es-el-argentino-detenido-por-el-crimen-del-musico-y-su-familia-en-mexico","status":"publish","type":"post","link":"http:\/\/fmdelpueblo.ar\/?p=51212","title":{"rendered":"Qui\u00e9n es el argentino detenido por el crimen del m\u00fasico y su familia en M\u00e9xico"},"content":{"rendered":"<p>Se trata de un empresario de 51 a\u00f1os que aparece mencionado en una de las principales l\u00edneas de investigaci\u00f3n del caso.  Las autoridades creen que manten\u00eda una relaci\u00f3n de confianza con Jonathan Mel\u00e9ndez, lo que habr\u00eda facilitado el ingreso al inmueble donde ocurri\u00f3 la masacre.<\/p>","protected":false},"excerpt":{"rendered":"<p>Se trata de un empresario de 51 a\u00f1os que aparece mencionado en una de las principales l\u00edneas de investigaci\u00f3n del caso. Las autoridades creen que manten\u00eda una relaci\u00f3n de confianza con Jonathan Mel\u00e9ndez, lo que habr\u00eda facilitado el ingreso al inmueble donde ocurri\u00f3 la masacre.<\/p>\n","protected":false},"author":0,"featured_media":0,"comment_status":"","ping_status":"","sticky":false,"template":"","format":"standard","meta":{"footnotes":""},"categories":[1],"tags":[],"class_list":["post-51212","post","type-post","status-publish","format-standard","has-post-thumbnail","hentry","category-sin-categoria"],"_links":{"self":[{"href":"http:\/\/fmdelpueblo.ar\/index.php?rest_route=\/wp\/v2\/posts\/51212","targetHints":{"allow":["GET"]}}],"collection":[{"href":"http:\/\/fmdelpueblo.ar\/index.php?rest_route=\/wp\/v2\/posts"}],"about":[{"href":"http:\/\/fmdelpueblo.ar\/index.php?rest_route=\/wp\/v2\/types\/post"}],"replies":[{"embeddable":true,"href":"http:\/\/fmdelpueblo.ar\/index.php?rest_route=%2Fwp%2Fv2%2Fcomments&post=51212"}],"version-history":[{"count":0,"href":"http:\/\/fmdelpueblo.ar\/index.php?rest_route=\/wp\/v2\/posts\/51212\/revisions"}],"wp:attachment":[{"href":"http:\/\/fmdelpueblo.ar\/index.php?rest_route=%2Fwp%2Fv2%2Fmedia&parent=51212"}],"wp:term":[{"taxonomy":"category","embeddable":true,"href":"http:\/\/fmdelpueblo.ar\/index.php?rest_route=%2Fwp%2Fv2%2Fcategories&post=51212"},{"taxonomy":"post_tag","embeddable":true,"href":"http:\/\/fmdelpueblo.ar\/index.php?rest_route=%2Fwp%2Fv2%2Ftags&post=51212"}],"curies":[{"name":"wp","href":"https:\/\/api.w.org\/{rel}","templated":true}]}}