{"id":51203,"date":"2026-09-03T02:09:01","date_gmt":"2026-09-03T05:09:01","guid":{"rendered":"http:\/\/fmdelpueblo.ar\/?p=51203"},"modified":"2026-09-03T02:09:01","modified_gmt":"2026-09-03T05:09:01","slug":"ana-ibanez-neurocientifica-para-que-nuestro-cerebro-logre-una-buena-concentracion-necesita-encontrar-un-equilibrio-entre-calma-y-activacion","status":"publish","type":"post","link":"http:\/\/fmdelpueblo.ar\/?p=51203","title":{"rendered":"Ana Ib\u00e1\u00f1ez, neurocient\u00edfica: \u201cPara que nuestro cerebro logre una buena concentraci\u00f3n necesita encontrar un equilibrio entre calma y activaci\u00f3n\u201d"},"content":{"rendered":"<p>La especialista desvelaba qu\u00e9 herramientas son las m\u00e1s \u00fatiles para recuperar el foco de atenci\u00f3n.<\/p>","protected":false},"excerpt":{"rendered":"<p>La especialista desvelaba qu\u00e9 herramientas son las m\u00e1s \u00fatiles para recuperar el foco de atenci\u00f3n.<\/p>\n","protected":false},"author":0,"featured_media":0,"comment_status":"","ping_status":"","sticky":false,"template":"","format":"standard","meta":{"footnotes":""},"categories":[1],"tags":[],"class_list":["post-51203","post","type-post","status-publish","format-standard","has-post-thumbnail","hentry","category-sin-categoria"],"_links":{"self":[{"href":"http:\/\/fmdelpueblo.ar\/index.php?rest_route=\/wp\/v2\/posts\/51203","targetHints":{"allow":["GET"]}}],"collection":[{"href":"http:\/\/fmdelpueblo.ar\/index.php?rest_route=\/wp\/v2\/posts"}],"about":[{"href":"http:\/\/fmdelpueblo.ar\/index.php?rest_route=\/wp\/v2\/types\/post"}],"replies":[{"embeddable":true,"href":"http:\/\/fmdelpueblo.ar\/index.php?rest_route=%2Fwp%2Fv2%2Fcomments&post=51203"}],"version-history":[{"count":0,"href":"http:\/\/fmdelpueblo.ar\/index.php?rest_route=\/wp\/v2\/posts\/51203\/revisions"}],"wp:attachment":[{"href":"http:\/\/fmdelpueblo.ar\/index.php?rest_route=%2Fwp%2Fv2%2Fmedia&parent=51203"}],"wp:term":[{"taxonomy":"category","embeddable":true,"href":"http:\/\/fmdelpueblo.ar\/index.php?rest_route=%2Fwp%2Fv2%2Fcategories&post=51203"},{"taxonomy":"post_tag","embeddable":true,"href":"http:\/\/fmdelpueblo.ar\/index.php?rest_route=%2Fwp%2Fv2%2Ftags&post=51203"}],"curies":[{"name":"wp","href":"https:\/\/api.w.org\/{rel}","templated":true}]}}