{"id":512,"date":"2021-10-30T21:10:04","date_gmt":"2021-10-30T21:10:04","guid":{"rendered":"https:\/\/fmdelpueblo.ar\/?p=512"},"modified":"2021-10-30T21:10:04","modified_gmt":"2021-10-30T21:10:04","slug":"los-lideres-del-g20-acordaron-un-impuesto-global-del-15-a-las-multinacionales","status":"publish","type":"post","link":"http:\/\/fmdelpueblo.ar\/?p=512","title":{"rendered":"Los l\u00edderes del G20 acordaron un impuesto global del 15% a las multinacionales"},"content":{"rendered":"<\/p>\n<p>Tras cuatro a\u00f1os de debate, se logr\u00f3 alcanzar el hist\u00f3rico acuerdo que busca desalentar la evasi\u00f3n a trav\u00e9s de para\u00edsos fiscales e imponer un sistema tributario m\u00e1s justo. <a href=\"https:\/\/www.perfil.com\/noticias\/internacional\/lideres-g20-acordaron-impuesto-global-15-por-ciento-multinacionales.phtml\">Leer m\u00e1s<\/a><\/p>\n","protected":false},"excerpt":{"rendered":"<p>Tras cuatro a\u00f1os de debate, se logr\u00f3 alcanzar el hist\u00f3rico acuerdo que busca desalentar la evasi\u00f3n a trav\u00e9s de para\u00edsos fiscales e imponer un sistema tributario m\u00e1s justo. Leer m\u00e1s<\/p>\n","protected":false},"author":0,"featured_media":0,"comment_status":"","ping_status":"","sticky":false,"template":"","format":"standard","meta":{"footnotes":""},"categories":[1],"tags":[],"class_list":["post-512","post","type-post","status-publish","format-standard","hentry","category-sin-categoria"],"_links":{"self":[{"href":"http:\/\/fmdelpueblo.ar\/index.php?rest_route=\/wp\/v2\/posts\/512","targetHints":{"allow":["GET"]}}],"collection":[{"href":"http:\/\/fmdelpueblo.ar\/index.php?rest_route=\/wp\/v2\/posts"}],"about":[{"href":"http:\/\/fmdelpueblo.ar\/index.php?rest_route=\/wp\/v2\/types\/post"}],"replies":[{"embeddable":true,"href":"http:\/\/fmdelpueblo.ar\/index.php?rest_route=%2Fwp%2Fv2%2Fcomments&post=512"}],"version-history":[{"count":0,"href":"http:\/\/fmdelpueblo.ar\/index.php?rest_route=\/wp\/v2\/posts\/512\/revisions"}],"wp:attachment":[{"href":"http:\/\/fmdelpueblo.ar\/index.php?rest_route=%2Fwp%2Fv2%2Fmedia&parent=512"}],"wp:term":[{"taxonomy":"category","embeddable":true,"href":"http:\/\/fmdelpueblo.ar\/index.php?rest_route=%2Fwp%2Fv2%2Fcategories&post=512"},{"taxonomy":"post_tag","embeddable":true,"href":"http:\/\/fmdelpueblo.ar\/index.php?rest_route=%2Fwp%2Fv2%2Ftags&post=512"}],"curies":[{"name":"wp","href":"https:\/\/api.w.org\/{rel}","templated":true}]}}