{"id":51189,"date":"2026-09-03T00:09:53","date_gmt":"2026-09-03T03:09:53","guid":{"rendered":"https:\/\/fmdelpueblo.ar\/?p=51189"},"modified":"2026-09-03T00:09:53","modified_gmt":"2026-09-03T03:09:53","slug":"espanoles-se-concentran-frente-al-consulado-de-espana-en-miami-en-apoyo-a-ceuta","status":"publish","type":"post","link":"http:\/\/fmdelpueblo.ar\/?p=51189","title":{"rendered":"Espa\u00f1oles se concentran frente al Consulado de Espa\u00f1a en Miami en apoyo a Ceuta"},"content":{"rendered":"<p>Espa\u00f1oles en Miami se unieron a protestas en apoyo a Ceuta, tras la entrada masiva de migrantes desde Marruecos, exigiendo acci\u00f3n del gobierno.La concentraci\u00f3n fue la primera en EE.UU., destacando la solidaridad a 7.000 km, mientras Espa\u00f1a enfrenta la mayor crisis migratoria en su frontera.<\/p>","protected":false},"excerpt":{"rendered":"<p>Espa\u00f1oles en Miami se unieron a protestas en apoyo a Ceuta, tras la entrada masiva de migrantes desde Marruecos, exigiendo acci\u00f3n del gobierno.La concentraci\u00f3n fue la primera en EE.UU., destacando la solidaridad a 7.000 km, mientras Espa\u00f1a enfrenta la mayor crisis migratoria en su frontera.<\/p>\n","protected":false},"author":0,"featured_media":0,"comment_status":"","ping_status":"","sticky":false,"template":"","format":"standard","meta":{"footnotes":""},"categories":[1],"tags":[],"class_list":["post-51189","post","type-post","status-publish","format-standard","has-post-thumbnail","hentry","category-sin-categoria"],"_links":{"self":[{"href":"http:\/\/fmdelpueblo.ar\/index.php?rest_route=\/wp\/v2\/posts\/51189","targetHints":{"allow":["GET"]}}],"collection":[{"href":"http:\/\/fmdelpueblo.ar\/index.php?rest_route=\/wp\/v2\/posts"}],"about":[{"href":"http:\/\/fmdelpueblo.ar\/index.php?rest_route=\/wp\/v2\/types\/post"}],"replies":[{"embeddable":true,"href":"http:\/\/fmdelpueblo.ar\/index.php?rest_route=%2Fwp%2Fv2%2Fcomments&post=51189"}],"version-history":[{"count":0,"href":"http:\/\/fmdelpueblo.ar\/index.php?rest_route=\/wp\/v2\/posts\/51189\/revisions"}],"wp:attachment":[{"href":"http:\/\/fmdelpueblo.ar\/index.php?rest_route=%2Fwp%2Fv2%2Fmedia&parent=51189"}],"wp:term":[{"taxonomy":"category","embeddable":true,"href":"http:\/\/fmdelpueblo.ar\/index.php?rest_route=%2Fwp%2Fv2%2Fcategories&post=51189"},{"taxonomy":"post_tag","embeddable":true,"href":"http:\/\/fmdelpueblo.ar\/index.php?rest_route=%2Fwp%2Fv2%2Ftags&post=51189"}],"curies":[{"name":"wp","href":"https:\/\/api.w.org\/{rel}","templated":true}]}}