{"id":51186,"date":"2026-09-03T00:09:51","date_gmt":"2026-09-03T03:09:51","guid":{"rendered":"https:\/\/fmdelpueblo.ar\/?p=51186"},"modified":"2026-09-03T00:09:51","modified_gmt":"2026-09-03T03:09:51","slug":"el-primer-homenaje-para-lionel-messi-en-el-futbol-argentino-llego-en-el-boca-vs-velez-de-cordoba-un-minuto-de-ovacion-y-aplausos","status":"publish","type":"post","link":"http:\/\/fmdelpueblo.ar\/?p=51186","title":{"rendered":"El primer homenaje para Lionel Messi en el f\u00fatbol argentino lleg\u00f3 en el Boca vs V\u00e9lez de C\u00f3rdoba: un minuto de ovaci\u00f3n y aplausos"},"content":{"rendered":"<p>A los 10 minutos del primer tiempo, el \u00e1rbitro Sebasti\u00e1n Zunino par\u00f3 el juego para el aplaudir al rosarino.Es tras una disposici\u00f3n de la AFA que se hab\u00eda comunicado este mi\u00e9rcoles.En principio, era para el Torneo Clausura, pero el homenaje se adelant\u00f3.<\/p>","protected":false},"excerpt":{"rendered":"<p>A los 10 minutos del primer tiempo, el \u00e1rbitro Sebasti\u00e1n Zunino par\u00f3 el juego para el aplaudir al rosarino.Es tras una disposici\u00f3n de la AFA que se hab\u00eda comunicado este mi\u00e9rcoles.En principio, era para el Torneo Clausura, pero el homenaje se adelant\u00f3.<\/p>\n","protected":false},"author":0,"featured_media":0,"comment_status":"","ping_status":"","sticky":false,"template":"","format":"standard","meta":{"footnotes":""},"categories":[1],"tags":[],"class_list":["post-51186","post","type-post","status-publish","format-standard","has-post-thumbnail","hentry","category-sin-categoria"],"_links":{"self":[{"href":"http:\/\/fmdelpueblo.ar\/index.php?rest_route=\/wp\/v2\/posts\/51186","targetHints":{"allow":["GET"]}}],"collection":[{"href":"http:\/\/fmdelpueblo.ar\/index.php?rest_route=\/wp\/v2\/posts"}],"about":[{"href":"http:\/\/fmdelpueblo.ar\/index.php?rest_route=\/wp\/v2\/types\/post"}],"replies":[{"embeddable":true,"href":"http:\/\/fmdelpueblo.ar\/index.php?rest_route=%2Fwp%2Fv2%2Fcomments&post=51186"}],"version-history":[{"count":0,"href":"http:\/\/fmdelpueblo.ar\/index.php?rest_route=\/wp\/v2\/posts\/51186\/revisions"}],"wp:attachment":[{"href":"http:\/\/fmdelpueblo.ar\/index.php?rest_route=%2Fwp%2Fv2%2Fmedia&parent=51186"}],"wp:term":[{"taxonomy":"category","embeddable":true,"href":"http:\/\/fmdelpueblo.ar\/index.php?rest_route=%2Fwp%2Fv2%2Fcategories&post=51186"},{"taxonomy":"post_tag","embeddable":true,"href":"http:\/\/fmdelpueblo.ar\/index.php?rest_route=%2Fwp%2Fv2%2Ftags&post=51186"}],"curies":[{"name":"wp","href":"https:\/\/api.w.org\/{rel}","templated":true}]}}