{"id":51176,"date":"2026-09-02T23:09:12","date_gmt":"2026-09-03T02:09:12","guid":{"rendered":"https:\/\/fmdelpueblo.ar\/?p=51176"},"modified":"2026-09-02T23:09:12","modified_gmt":"2026-09-03T02:09:12","slug":"ee-uu-y-ecuador-interceptan-y-hunden-un-barco-supuestamente-utilizado-por-los-choneros","status":"publish","type":"post","link":"http:\/\/fmdelpueblo.ar\/?p=51176","title":{"rendered":"EE.UU. y Ecuador interceptan y hunden un barco supuestamente utilizado por Los Choneros"},"content":{"rendered":"<p>Un operativo conjunto entre EE.UU. y Ecuador intercept\u00f3 y hundi\u00f3 un buque usado por Los Choneros para reabastecer combustible en el Pac\u00edfico.La acci\u00f3n cort\u00f3 un punto clave en el tr\u00e1fico de drogas, marcando el segundo hundimiento en una semana en la lucha contra el crimen organizado.<\/p>","protected":false},"excerpt":{"rendered":"<p>Un operativo conjunto entre EE.UU. y Ecuador intercept\u00f3 y hundi\u00f3 un buque usado por Los Choneros para reabastecer combustible en el Pac\u00edfico.La acci\u00f3n cort\u00f3 un punto clave en el tr\u00e1fico de drogas, marcando el segundo hundimiento en una semana en la lucha contra el crimen organizado.<\/p>\n","protected":false},"author":0,"featured_media":0,"comment_status":"","ping_status":"","sticky":false,"template":"","format":"standard","meta":{"footnotes":""},"categories":[1],"tags":[],"class_list":["post-51176","post","type-post","status-publish","format-standard","has-post-thumbnail","hentry","category-sin-categoria"],"_links":{"self":[{"href":"http:\/\/fmdelpueblo.ar\/index.php?rest_route=\/wp\/v2\/posts\/51176","targetHints":{"allow":["GET"]}}],"collection":[{"href":"http:\/\/fmdelpueblo.ar\/index.php?rest_route=\/wp\/v2\/posts"}],"about":[{"href":"http:\/\/fmdelpueblo.ar\/index.php?rest_route=\/wp\/v2\/types\/post"}],"replies":[{"embeddable":true,"href":"http:\/\/fmdelpueblo.ar\/index.php?rest_route=%2Fwp%2Fv2%2Fcomments&post=51176"}],"version-history":[{"count":0,"href":"http:\/\/fmdelpueblo.ar\/index.php?rest_route=\/wp\/v2\/posts\/51176\/revisions"}],"wp:attachment":[{"href":"http:\/\/fmdelpueblo.ar\/index.php?rest_route=%2Fwp%2Fv2%2Fmedia&parent=51176"}],"wp:term":[{"taxonomy":"category","embeddable":true,"href":"http:\/\/fmdelpueblo.ar\/index.php?rest_route=%2Fwp%2Fv2%2Fcategories&post=51176"},{"taxonomy":"post_tag","embeddable":true,"href":"http:\/\/fmdelpueblo.ar\/index.php?rest_route=%2Fwp%2Fv2%2Ftags&post=51176"}],"curies":[{"name":"wp","href":"https:\/\/api.w.org\/{rel}","templated":true}]}}