{"id":51172,"date":"2026-09-02T22:08:57","date_gmt":"2026-09-03T01:08:57","guid":{"rendered":"http:\/\/fmdelpueblo.ar\/?p=51172"},"modified":"2026-09-02T22:08:57","modified_gmt":"2026-09-03T01:08:57","slug":"la-dolorosa-noticia-que-recibio-zulma-lobato-sobre-su-salud-el-estado-de-su-vision-es-muy-delicado","status":"publish","type":"post","link":"http:\/\/fmdelpueblo.ar\/?p=51172","title":{"rendered":"La dolorosa noticia que recibi\u00f3 Zulma Lobato sobre su salud: \u00abEl estado de su visi\u00f3n es muy delicado\u201d"},"content":{"rendered":"<p>Tras instalarse en Tandil, la medi\u00e1tica se realiz\u00f3 una evaluaci\u00f3n oftalmol\u00f3gica. El duro diagn\u00f3stico que recibi\u00f3 sobre su afecci\u00f3n ocular.<\/p>","protected":false},"excerpt":{"rendered":"<p>Tras instalarse en Tandil, la medi\u00e1tica se realiz\u00f3 una evaluaci\u00f3n oftalmol\u00f3gica. El duro diagn\u00f3stico que recibi\u00f3 sobre su afecci\u00f3n ocular.<\/p>\n","protected":false},"author":0,"featured_media":0,"comment_status":"","ping_status":"","sticky":false,"template":"","format":"standard","meta":{"footnotes":""},"categories":[1],"tags":[],"class_list":["post-51172","post","type-post","status-publish","format-standard","has-post-thumbnail","hentry","category-sin-categoria"],"_links":{"self":[{"href":"http:\/\/fmdelpueblo.ar\/index.php?rest_route=\/wp\/v2\/posts\/51172","targetHints":{"allow":["GET"]}}],"collection":[{"href":"http:\/\/fmdelpueblo.ar\/index.php?rest_route=\/wp\/v2\/posts"}],"about":[{"href":"http:\/\/fmdelpueblo.ar\/index.php?rest_route=\/wp\/v2\/types\/post"}],"replies":[{"embeddable":true,"href":"http:\/\/fmdelpueblo.ar\/index.php?rest_route=%2Fwp%2Fv2%2Fcomments&post=51172"}],"version-history":[{"count":0,"href":"http:\/\/fmdelpueblo.ar\/index.php?rest_route=\/wp\/v2\/posts\/51172\/revisions"}],"wp:attachment":[{"href":"http:\/\/fmdelpueblo.ar\/index.php?rest_route=%2Fwp%2Fv2%2Fmedia&parent=51172"}],"wp:term":[{"taxonomy":"category","embeddable":true,"href":"http:\/\/fmdelpueblo.ar\/index.php?rest_route=%2Fwp%2Fv2%2Fcategories&post=51172"},{"taxonomy":"post_tag","embeddable":true,"href":"http:\/\/fmdelpueblo.ar\/index.php?rest_route=%2Fwp%2Fv2%2Ftags&post=51172"}],"curies":[{"name":"wp","href":"https:\/\/api.w.org\/{rel}","templated":true}]}}